{"Person":[{"@pid":"Person708311","PersonName":{"PersonNameFirstName":"Louis Joseph","PersonNameLastName":"Huleux"},"Gender":"Man","Age":{"PersonAgeYears":"33"},"BirthDate":{"Year":"1765","Month":"10","Day":"1"},"BirthPlace":{"Country":"Belgi\u00eb","Place":"Arras, d\u00e9pt. de Pas-de-Calais"},"Profession":"cavalier du 2i\u00e8me r\u00e9giment"},{"@pid":"Person2282621","PersonName":{"PersonNameFirstName":"Marie Claire","PersonNameLastName":"Cornet"},"Gender":"Vrouw","Residence":{"Place":"Tienen, cant. Tienen, d\u00e9pt. de la Dyle"},"Age":{"PersonAgeYears":"41"},"BirthDate":{"Year":"1757","Month":"11","Day":"14"},"BirthPlace":{"Country":"Belgi\u00eb","Place":"Arg\u00fbennes, dioc\u00e8se de Namur"}},{"@pid":"Person3931281","PersonName":{"PersonNameFirstName":"Nicolas Philippe","PersonNameLastName":"Huleux"},"Gender":"Man"},{"@pid":"Person5579941","PersonName":{"PersonNameFirstName":"Louison","PersonNameLastName":"Notie"},"Gender":"Vrouw","Residence":{"Place":"Arras, d\u00e9pt. de Pas-de-Calais"}},{"@pid":"Person7228601","PersonName":{"PersonNameFirstName":"Honor\u00e9","PersonNameLastName":"Cornet"},"Gender":"Man"},{"@pid":"Person8877261","PersonName":{"PersonNameFirstName":"Marie Claire","PersonNameLastName":"Plamon"},"Gender":"Vrouw"},{"@pid":"Person12966741","PersonName":{"PersonNameFirstName":"D\u00e9sir\u00e9 No\u00ebl","PersonNameLastName":"Bouhout"},"Gender":"Man","Residence":{"Place":"Leuven"},"Age":{"PersonAgeYears":"29"},"Profession":"cavalier du 2 i\u00e8me r\u00e9giment"},{"@pid":"Person12966751","PersonName":{"PersonNameFirstName":"Fran\u00e7ois","PersonNameLastName":"Repichet"},"Gender":"Man","Residence":{"Place":"Leuven"},"Age":{"PersonAgeYears":"32"},"Profession":"chef armurier au 2 i\u00e8me bataillon de la 60 i\u00e8me demi brigade infanterie de ligne"},{"@pid":"Person12966761","PersonName":{"PersonNameFirstName":"Joseph","PersonNameLastName":"De'On"},"Gender":"Man","Residence":{"Place":"Leuven"},"Age":{"PersonAgeYears":"38"},"Profession":"chef cordonnier au dit bataillon"},{"@pid":"Person12966771","PersonName":{"PersonNameFirstName":"Fran\u00e7ois","PersonNameLastName":"Cornelis"},"Gender":"Man","Residence":{"Place":"Leuven"},"Age":{"PersonAgeYears":"34"},"Profession":"brigadier de la gendarmerie nationale"}],"Event":{"@eid":"Event1","EventType":"Huwelijk","EventDate":{"Year":"1798","Month":"12","Day":"30"},"EventPlace":{"Country":"Belgi\u00eb","Place":"Leuven"}},"RelationEP":[{"PersonKeyRef":"Person708311","EventKeyRef":"Event1","RelationType":"Bruidegom"},{"PersonKeyRef":"Person2282621","EventKeyRef":"Event1","RelationType":"Bruid"},{"PersonKeyRef":"Person3931281","EventKeyRef":"Event1","RelationType":"Vader van de bruidegom"},{"PersonKeyRef":"Person5579941","EventKeyRef":"Event1","RelationType":"Moeder van de bruidegom"},{"PersonKeyRef":"Person7228601","EventKeyRef":"Event1","RelationType":"Vader van de bruid"},{"PersonKeyRef":"Person8877261","EventKeyRef":"Event1","RelationType":"Moeder van de bruid"},{"PersonKeyRef":"Person12966741","EventKeyRef":"Event1","RelationType":"Getuige"},{"PersonKeyRef":"Person12966751","EventKeyRef":"Event1","RelationType":"Getuige"},{"PersonKeyRef":"Person12966761","EventKeyRef":"Event1","RelationType":"Getuige"},{"PersonKeyRef":"Person12966771","EventKeyRef":"Event1","RelationType":"Getuige"}],"Source":{"SourcePlace":{"Country":"Belgi\u00eb","Place":"Leuven"},"SourceIndexDate":{"From":"1792-01-01","To":"1919-12-31"},"SourceDate":{"Year":"1798","Month":"12","Day":"30"},"SourceType":"BS Huwelijk","SourceReference":{"Place":"Leuven","InstitutionName":"Rijksarchief Belgi\u00eb (Leuven)","Collection":"Burgerlijke stand Provincie Vlaams Brabant","DocumentNumber":"39"},"SourceAvailableScans":{"Scan":{"OrderSequenceNumber":"1","UriViewer":"https:\/\/www.familysearch.org\/ark:\/61903\/3:1:9398-HBVD-C?i=121&cc=1482191&cat=205581"}},"SourceLastChangeDate":"2023-06-23","SourceDigitalOriginal":"https:\/\/search.arch.be\/nl\/zoeken-naar-personen\/zoekresultaat\/weergave\/akte\/id\/HUBRA_00117412_0","RecordIdentifier":"HUBRA_00117412_0","RecordGUID":"{f017684d-efba-fd11-837e-e315714e63a2}","SourceRemark":[{"@Key":"Vrijwilliger","Value":"Demogen Vlaams-Brabant en Brussel (project huvlb19a)"},{"@Key":"Provenance","Value":"DemogenVlaamsBrabant19a.mdb > mdb-export > abl\/demogen\/csv2a2a.pl"}]}}