{"Person":[{"@pid":"Person2029509","PersonName":{"PersonNameFirstName":"T\u00e9lesphore","PersonNameLastName":"Lefranc"},"Gender":"Man","Residence":{"Place":"Lembeek"},"Age":{"PersonAgeYears":"50"},"Profession":"garde champ\u00eatre"},{"@pid":"Person2029609","PersonName":{"PersonNameFirstName":"Fran\u00e7ois","PersonNameLastName":"Demol"},"Gender":"Man","Residence":{"Place":"Lembeek"},"Age":{"PersonAgeYears":"23"},"Profession":"cordonnier"},{"@pid":"Person3242209","PersonName":{"PersonNameFirstName":"Jean Baptiste","PersonNameLastName":"Duprix"},"Gender":"Man","Residence":{"Place":"Hondsocht, Lembeek"},"Age":{"PersonAgeYears":"30"},"BirthPlace":{"Country":"Belgi\u00eb","Place":"Lembeek"},"Profession":"ouvrier d'usine","MaritalStatus":"other:gehuwd","PersonRemark":{"@Key":"Opmerking","Value":"aangever"}},{"@pid":"Person4286209","PersonName":{"PersonNameFirstName":"Elisa","PersonNameLastName":"Friadt"},"Gender":"Vrouw","Age":{"PersonAgeYears":"22"},"BirthPlace":{"Country":"Belgi\u00eb","Place":"Bellingen"},"Profession":"m\u00e9nag\u00e8re","MaritalStatus":"other:gehuwd"},{"@pid":"Person5333709","PersonName":{"PersonNameFirstName":"Emile V\u00e9ron","PersonNameLastName":"Duprix"},"Gender":"Man","BirthDate":{"Year":"1887","Month":"8","Day":"20"},"BirthPlace":{"Country":"Belgi\u00eb","Place":"Hondzocht, Lembecq"},"PersonRemark":{"@Key":"Opmerking","Value":"uur van geboorte 23:00:00,"}}],"Event":{"@eid":"Event1","EventType":"Geboorte","EventDate":{"Year":"1887","Month":"8","Day":"20"},"EventPlace":{"Country":"Belgi\u00eb","Place":"Lembeek"}},"RelationEP":[{"PersonKeyRef":"Person2029509","EventKeyRef":"Event1","RelationType":"Getuige"},{"PersonKeyRef":"Person2029609","EventKeyRef":"Event1","RelationType":"Getuige"},{"PersonKeyRef":"Person3242209","EventKeyRef":"Event1","RelationType":"Vader"},{"PersonKeyRef":"Person4286209","EventKeyRef":"Event1","RelationType":"Moeder"},{"PersonKeyRef":"Person5333709","EventKeyRef":"Event1","RelationType":"Kind"}],"Source":{"SourcePlace":{"Country":"Belgi\u00eb","Place":"Leuven"},"SourceIndexDate":{"From":"1792-01-01","To":"1919-12-31"},"SourceDate":{"Year":"1887","Month":"8","Day":"22"},"SourceType":"BS Geboorte","SourceReference":{"Place":"Leuven","InstitutionName":"Rijksarchief Belgi\u00eb (Leuven)","Collection":"Burgerlijke stand Provincie Vlaams Brabant","DocumentNumber":"84"},"SourceAvailableScans":{"Scan":{"OrderSequenceNumber":"1","UriViewer":"https:\/\/www.familysearch.org\/ark:\/61903\/3:1:9392-C8JY-1?i=99&cc=1482191&cat=205460"}},"SourceLastChangeDate":"2023-06-23","SourceDigitalOriginal":"https:\/\/search.arch.be\/nl\/zoeken-naar-personen\/zoekresultaat\/weergave\/akte\/id\/GAVB0900077666_0","RecordIdentifier":"GAVB0900077666_0","RecordGUID":"{ed6d766f-7aeb-3c77-2f0f-569d82469217}","SourceRemark":[{"@Key":"Vrijwilliger","Value":"Demogen Vlaams-Brabant en Brussel (project gavlb9)"},{"@Key":"Provenance","Value":"DemogenGeboorteaktenVLB009.mdb > mdb-export > abl\/demogen\/csv2a2a.pl"}]}}