{"Person":[{"@pid":"Person787702","PersonName":{"PersonNameFirstName":"Gustave Albert","PersonNameLastName":"Balasse"},"Gender":"Man","Residence":{"Place":"Vilvoorde"},"BirthDate":{"Year":"1824","Month":"8","Day":"31"},"BirthPlace":{"Country":"Belgi\u00eb","Place":"Mons"},"Profession":"sans profession","MaritalStatus":"other:divorc\u00e9","PersonRemark":{"@Key":"Opmerking","Value":"\u00e9poux div. \u00e0 la ville de Bruxelles le huit septembre mil huit cent septante six, en vertu d'un jugement rendu par le Tribunal de premi\u00e8re instance de cette ville le huit avril pr\u00e9c\u00e9dent"}},{"@pid":"Person1676202","PersonName":{"PersonNameFirstName":"Marie Th\u00e9r\u00e8se Julie","PersonNameLastName":"Hens"},"Gender":"Vrouw","Residence":{"Place":"Vilvoorde"},"BirthDate":{"Year":"1851","Month":"11","Day":"11"},"BirthPlace":{"Country":"Belgi\u00eb","Place":"Namur"},"Profession":"sans profession"},{"@pid":"Person2495122","PersonName":{"PersonNameFirstName":"Jean Baptiste","PersonNameLastName":"Balasse"},"Gender":"Man","PersonRemark":[{"@Key":"deat_date","Value":"1867-03-26"},{"@Key":"deat_plac","Value":"Etterbeek"}]},{"@pid":"Person3383622","PersonName":{"PersonNameFirstName":"Marie Antoinette","PersonNameLastName":"Regnier"},"Gender":"Vrouw","PersonRemark":[{"@Key":"deat_date","Value":"1869-03-08"},{"@Key":"deat_plac","Value":"Etterbeek"}]},{"@pid":"Person4272122","PersonName":{"PersonNameFirstName":"Jean Fran\u00e7ois","PersonNameLastName":"Hens"},"Gender":"Man","PersonRemark":[{"@Key":"deat_date","Value":"1871-12-05"},{"@Key":"deat_plac","Value":"Mechelen"}]},{"@pid":"Person5160622","PersonName":{"PersonNameFirstName":"Marie Th\u00e9r\u00e8se","PersonNameLastName":"Hamerelles"},"Gender":"Vrouw","Residence":{"Place":"Mechelen"},"Age":{"PersonAgeYears":"54"},"Profession":"sans profession"},{"@pid":"Person5450152","PersonName":{"PersonNameFirstName":"Sophie","PersonNameLastName":"Berger"},"Gender":"Vrouw","PersonRemark":{"@Key":"Opmerking","Value":[]}},{"@pid":"Person8473532","PersonName":{"PersonNameFirstName":"Eug\u00e8ne","PersonNameLastName":"Minnen"},"Gender":"Man","Residence":{"Place":"Bruxelles"},"Age":{"PersonAgeYears":"37"},"Profession":"garnisseur de meubles","PersonRemark":{"@Key":"Opmerking","Value":"ami de l'\u00e9poux"}},{"@pid":"Person8473542","PersonName":{"PersonNameFirstName":"Louis","PersonNameLastName":"Franqueville"},"Gender":"Man","Residence":{"Place":"Vilvoorde"},"Age":{"PersonAgeYears":"52"},"Profession":"cabaretier","PersonRemark":{"@Key":"Opmerking","Value":"ami de l'\u00e9poux"}},{"@pid":"Person8473552","PersonName":{"PersonNameFirstName":"George","PersonNameLastName":"Meyers"},"Gender":"Man","Residence":{"Place":"Mechelen"},"Age":{"PersonAgeYears":"47"},"Profession":"surveillant de fourrages militaires","PersonRemark":{"@Key":"Opmerking","Value":"ami de l'\u00e9poux"}},{"@pid":"Person8473562","PersonName":{"PersonNameFirstName":"Fran\u00e7ois Joseph","PersonNameLastName":"Hens"},"Gender":"Man","Residence":{"Place":"in garnisoen te Wilrijk"},"Age":{"PersonAgeYears":"22"},"Profession":"sous officier au corps de discipline et de correction"},{"@pid":"Person9282662","PersonName":{"PersonNameFirstName":"D\u00e9sir\u00e9","PersonNameLastName":"Balasse"},"Gender":"Man","PersonRemark":{"@Key":"Opmerking","Value":[]}},{"@pid":"Person9282742","PersonName":{"PersonNameFirstName":"El\u00e9onore","PersonNameLastName":"Philipperon"},"Gender":"Vrouw","PersonRemark":[{"@Key":"Opmerking","Value":[]},{"@Key":"deat_date","Value":"1836-08-17"},{"@Key":"deat_plac","Value":"Mons"}]},{"@pid":"Person9282822","PersonName":{"PersonNameFirstName":"Albert","PersonNameLastName":"Regnier"},"Gender":"Man","PersonRemark":[{"@Key":"Opmerking","Value":[]},{"@Key":"deat_date","Value":"1835-08-14"},{"@Key":"deat_plac","Value":"Mons"}]},{"@pid":"Person9282892","PersonName":{"PersonNameFirstName":"Isabelle","PersonNameLastName":"Anson"},"Gender":"Vrouw","PersonRemark":{"@Key":"Opmerking","Value":[]}}],"Event":{"@eid":"Event1","EventType":"Huwelijk","EventDate":{"Year":"1880","Month":"6","Day":"30"},"EventPlace":{"Country":"Belgi\u00eb","Place":"Vilvoorde"}},"RelationEP":[{"PersonKeyRef":"Person787702","EventKeyRef":"Event1","RelationType":"Bruidegom"},{"PersonKeyRef":"Person1676202","EventKeyRef":"Event1","RelationType":"Bruid"},{"PersonKeyRef":"Person2495122","EventKeyRef":"Event1","RelationType":"Vader van de bruidegom"},{"PersonKeyRef":"Person3383622","EventKeyRef":"Event1","RelationType":"Moeder van de bruidegom"},{"PersonKeyRef":"Person4272122","EventKeyRef":"Event1","RelationType":"Vader van de bruid"},{"PersonKeyRef":"Person5160622","EventKeyRef":"Event1","RelationType":"Moeder van de bruid"},{"PersonKeyRef":"Person5450152","EventKeyRef":"Event1","RelationType":"other:Vorige partner bruidegom"},{"PersonKeyRef":"Person8473532","EventKeyRef":"Event1","RelationType":"Getuige"},{"PersonKeyRef":"Person8473542","EventKeyRef":"Event1","RelationType":"Getuige"},{"PersonKeyRef":"Person8473552","EventKeyRef":"Event1","RelationType":"Getuige"},{"PersonKeyRef":"Person8473562","EventKeyRef":"Event1","RelationType":"Getuige"},{"PersonKeyRef":"Person9282662","EventKeyRef":"Event1","RelationType":"other:Grootouder bruidegom"},{"PersonKeyRef":"Person9282742","EventKeyRef":"Event1","RelationType":"other:Grootouder bruidegom"},{"PersonKeyRef":"Person9282822","EventKeyRef":"Event1","RelationType":"other:Grootouder bruidegom"},{"PersonKeyRef":"Person9282892","EventKeyRef":"Event1","RelationType":"other:Grootouder bruidegom"}],"Source":{"SourcePlace":{"Country":"Belgi\u00eb","Place":"Leuven"},"SourceIndexDate":{"From":"1792-01-01","To":"1919-12-31"},"SourceDate":{"Year":"1880","Month":"6","Day":"30"},"SourceType":"BS Huwelijk","SourceReference":{"Place":"Leuven","InstitutionName":"Rijksarchief Belgi\u00eb (Leuven)","Collection":"Burgerlijke stand Provincie Vlaams Brabant","DocumentNumber":"30"},"SourceLastChangeDate":"2023-06-23","SourceDigitalOriginal":"https:\/\/search.arch.be\/nl\/zoeken-naar-personen\/zoekresultaat\/weergave\/akte\/id\/HUBRA_00288409_0","RecordIdentifier":"HUBRA_00288409_0","RecordGUID":"{eaae8c95-9935-1c7f-44cf-d26b779bea3b}","SourceRemark":[{"@Key":"Vrijwilliger","Value":"Demogen Vlaams-Brabant en Brussel (project huvlb19b)"},{"@Key":"Provenance","Value":"DemogenVlaamsBrabant19b.mdb > mdb-export > abl\/demogen\/csv2a2a.pl"}]}}