{"Person":[{"@pid":"Person1510308","PersonName":{"PersonNameFirstName":"Pierre Joseph Timoth\u00e9e","PersonNameLastName":"Wiringer"},"Gender":"Man","Residence":{"Place":"Lembeek"},"Age":{"PersonAgeYears":"38"},"Profession":"jardinier"},{"@pid":"Person1510408","PersonName":{"PersonNameFirstName":"Charles Louis","PersonNameLastName":"Saillij"},"Gender":"Man","Residence":{"Place":"Lembeek"},"Age":{"PersonAgeYears":"56"},"Profession":"domestique"},{"@pid":"Person3013708","PersonName":{"PersonNameFirstName":"Charles Louis","PersonNameLastName":"Vogeleer"},"Gender":"Man","Residence":{"Place":"Malheide, Lembeek"},"Age":{"PersonAgeYears":"40"},"BirthPlace":{"Country":"Belgi\u00eb","Place":"Clabecq"},"Profession":"ouvrier d'usine","MaritalStatus":"other:gehuwd","PersonRemark":{"@Key":"Opmerking","Value":"aangever"}},{"@pid":"Person4077808","PersonName":{"PersonNameFirstName":"P\u00e9tronille","PersonNameLastName":"Pierreux"},"Gender":"Vrouw","Residence":{"Place":"Lembeek"},"Age":{"PersonAgeYears":"31"},"BirthPlace":{"Country":"Belgi\u00eb","Place":"Buizingen"},"Profession":"m\u00e9nag\u00e8re","MaritalStatus":"other:gehuwd"},{"@pid":"Person5157808","PersonName":{"PersonNameFirstName":"Ursule Elisa","PersonNameLastName":"Vogeleer"},"Gender":"Vrouw","BirthDate":{"Year":"1878","Month":"6","Day":"29"},"BirthPlace":{"Country":"Belgi\u00eb","Place":"Malheijde, Lembecq"},"PersonRemark":{"@Key":"Opmerking","Value":"uur van geboorte 11:00:00,"}}],"Event":{"@eid":"Event1","EventType":"Geboorte","EventDate":{"Year":"1878","Month":"6","Day":"29"},"EventPlace":{"Country":"Belgi\u00eb","Place":"Lembeek"}},"RelationEP":[{"PersonKeyRef":"Person1510308","EventKeyRef":"Event1","RelationType":"Getuige"},{"PersonKeyRef":"Person1510408","EventKeyRef":"Event1","RelationType":"Getuige"},{"PersonKeyRef":"Person3013708","EventKeyRef":"Event1","RelationType":"Vader"},{"PersonKeyRef":"Person4077808","EventKeyRef":"Event1","RelationType":"Moeder"},{"PersonKeyRef":"Person5157808","EventKeyRef":"Event1","RelationType":"Kind"}],"Source":{"SourcePlace":{"Country":"Belgi\u00eb","Place":"Leuven"},"SourceIndexDate":{"From":"1792-01-01","To":"1919-12-31"},"SourceDate":{"Year":"1878","Month":"7","Day":"1"},"SourceType":"BS Geboorte","SourceReference":{"Place":"Leuven","InstitutionName":"Rijksarchief Belgi\u00eb (Leuven)","Collection":"Burgerlijke stand Provincie Vlaams Brabant","DocumentNumber":"70"},"SourceAvailableScans":{"Scan":{"OrderSequenceNumber":"1","UriViewer":"https:\/\/www.familysearch.org\/ark:\/61903\/3:1:9392-HTS5-8H?i=353&cc=1482191&cat=205460"}},"SourceLastChangeDate":"2023-06-23","SourceDigitalOriginal":"https:\/\/search.arch.be\/nl\/zoeken-naar-personen\/zoekresultaat\/weergave\/akte\/id\/GAVB0800030217_0","RecordIdentifier":"GAVB0800030217_0","RecordGUID":"{e5d37e41-55d5-b6c4-97b3-5738e606b3d4}","SourceRemark":[{"@Key":"Vrijwilliger","Value":"Demogen Vlaams-Brabant en Brussel (project gavlb8)"},{"@Key":"Provenance","Value":"DemogenGeboorteaktenVLB008.mdb > mdb-export > abl\/demogen\/csv2a2a.pl"}]}}