{"Person":[{"@pid":"Person1412461","PersonName":{"PersonNameFirstName":"Jean Baptiste","PersonNameLastName":"Godefroi"},"Gender":"Man","Residence":{"Place":"Tienen"},"BirthDate":{"Year":"1822","Month":"5","Day":"5"},"BirthPlace":{"Country":"Belgi\u00eb","Place":"Tienen"},"Profession":"journalier"},{"@pid":"Person2817481","PersonName":{"PersonNameFirstName":"Marie Cath\u00e9rine","PersonNameLastName":"Vanderbrugen"},"Gender":"Vrouw","Residence":{"Place":"Tienen"},"BirthDate":{"Year":"1815","Month":"9","Day":"25"},"BirthPlace":{"Country":"Belgi\u00eb","Place":"Tienen"},"Profession":"journali\u00e8re"},{"@pid":"Person6114801","PersonName":{"PersonNameFirstName":"Elisabeth","PersonNameLastName":"Godefroi"},"Gender":"Vrouw","PersonRemark":{"@Key":"deat_plac","Value":"Tienen"}},{"@pid":"Person9412121","PersonName":{"PersonNameFirstName":"Barbe Marie","PersonNameLastName":"Vanderbrugen"},"Gender":"Vrouw","Residence":{"Place":"Tienen"},"Profession":"journali\u00e8re"},{"@pid":"Person10608671","PersonName":{"PersonNameFirstName":"Th\u00e9r\u00e8se","PersonNameLastName":"Vanderbruggen>Godefroi"},"Gender":"Vrouw","BirthDate":{"Year":"1841","Month":"7","Day":"11"},"BirthPlace":{"Country":"Belgi\u00eb","Place":"Tienen"}},{"@pid":"Person14955441","PersonName":{"PersonNameFirstName":"Remy","PersonNameLastName":"Dewelde"},"Gender":"Man","Residence":{"Place":"Landen"},"Age":{"PersonAgeYears":"46"},"Profession":"ouvrier"},{"@pid":"Person14955451","PersonName":{"PersonNameFirstName":"Louis","PersonNameLastName":"Bonjean"},"Gender":"Man","Residence":{"Place":"Tienen"},"Age":{"PersonAgeYears":"44"},"Profession":"tailleur"},{"@pid":"Person14955461","PersonName":{"PersonNameFirstName":"Jean Antoine","PersonNameLastName":"Geerts"},"Gender":"Man","Residence":{"Place":"Tienen"},"Age":{"PersonAgeYears":"56"},"Profession":"\u00e9crivain"},{"@pid":"Person14955471","PersonName":{"PersonNameFirstName":"Egide","PersonNameLastName":"Delamalle"},"Gender":"Man","Residence":{"Place":"Tienen"},"Age":{"PersonAgeYears":"47"},"Profession":"messager"}],"Event":{"@eid":"Event1","EventType":"Huwelijk","EventDate":{"Year":"1843","Month":"8","Day":"24"},"EventPlace":{"Country":"Belgi\u00eb","Place":"Tienen"}},"RelationEP":[{"PersonKeyRef":"Person1412461","EventKeyRef":"Event1","RelationType":"Bruidegom"},{"PersonKeyRef":"Person2817481","EventKeyRef":"Event1","RelationType":"Bruid"},{"PersonKeyRef":"Person6114801","EventKeyRef":"Event1","RelationType":"Moeder van de bruidegom"},{"PersonKeyRef":"Person9412121","EventKeyRef":"Event1","RelationType":"Moeder van de bruid"},{"PersonKeyRef":"Person10608671","EventKeyRef":"Event1","RelationType":"other:Gewettigd kind"},{"PersonKeyRef":"Person14955441","EventKeyRef":"Event1","RelationType":"Getuige"},{"PersonKeyRef":"Person14955451","EventKeyRef":"Event1","RelationType":"Getuige"},{"PersonKeyRef":"Person14955461","EventKeyRef":"Event1","RelationType":"Getuige"},{"PersonKeyRef":"Person14955471","EventKeyRef":"Event1","RelationType":"Getuige"}],"Source":{"SourcePlace":{"Country":"Belgi\u00eb","Place":"Leuven"},"SourceIndexDate":{"From":"1792-01-01","To":"1919-12-31"},"SourceDate":{"Year":"1843","Month":"8","Day":"24"},"SourceType":"BS Huwelijk","SourceReference":{"Place":"Leuven","InstitutionName":"Rijksarchief Belgi\u00eb (Leuven)","Collection":"Burgerlijke stand Provincie Vlaams Brabant","DocumentNumber":"36"},"SourceAvailableScans":{"Scan":{"OrderSequenceNumber":"1","UriViewer":"https:\/\/www.familysearch.org\/ark:\/61903\/3:1:9398-H839-M?i=435&cc=1482191&cat=267031"}},"SourceLastChangeDate":"2023-06-23","SourceDigitalOriginal":"https:\/\/search.arch.be\/nl\/zoeken-naar-personen\/zoekresultaat\/weergave\/akte\/id\/HUBRA_00224714_0","RecordIdentifier":"HUBRA_00224714_0","RecordGUID":"{dce3d9a8-c525-eefa-dfa8-1428104de896}","SourceRemark":[{"@Key":"Vrijwilliger","Value":"Demogen Vlaams-Brabant en Brussel (project huvlb19a)"},{"@Key":"Provenance","Value":"DemogenVlaamsBrabant19a.mdb > mdb-export > abl\/demogen\/csv2a2a.pl"}]}}