{"Person":[{"@pid":"Person1222981","PersonName":{"PersonNameFirstName":"Jean Joseph Ghislain","PersonNameLastName":"Ray\u00e9e"},"Gender":"Man","Residence":{"Place":"Sint-Genesius-Rode"},"Age":{"PersonAgeYears":"24"},"BirthDate":{"Year":"1846","Month":"2","Day":"24"},"BirthPlace":{"Country":"Belgi\u00eb","Place":"Waterloo"},"Profession":"journalier","PersonRemark":{"@Key":"Opmerking","Value":"Avoir satisfait \u00e0 la milice naionale comme il est constat\u00e9 par le certificat ci-joint."}},{"@pid":"Person2158561","PersonName":{"PersonNameFirstName":"Barbe","PersonNameLastName":"Everaerts"},"Gender":"Vrouw","Residence":{"Place":"Sint-Genesius-Rode"},"Age":{"PersonAgeYears":"21"},"BirthDate":{"Year":"1849","Month":"5","Day":"31"},"BirthPlace":{"Country":"Belgi\u00eb","Place":"Sint-Genesius-Rode"},"Profession":"servante"},{"@pid":"Person3807221","PersonName":{"PersonNameFirstName":"Pierre Fran\u00e7ois","PersonNameLastName":"Ray\u00e9e"},"Gender":"Man","Residence":{"Place":"Waterloo"},"PersonRemark":[{"@Key":"deat_date","Value":"1853-05-24"},{"@Key":"deat_plac","Value":"Waterloo"}]},{"@pid":"Person5455881","PersonName":{"PersonNameFirstName":"Elisabeth","PersonNameLastName":"Bossin"},"Gender":"Vrouw","Residence":{"Place":"Waterloo"},"PersonRemark":[{"@Key":"deat_date","Value":"1861-07-21"},{"@Key":"deat_plac","Value":"Trazegnies"}]},{"@pid":"Person7104541","PersonName":{"PersonNameFirstName":"S\u00e9bastien","PersonNameLastName":"Everaerts"},"Gender":"Man","Residence":{"Place":"Sint-Genesius-Rode"},"PersonRemark":[{"@Key":"deat_date","Value":"1860-11-14"},{"@Key":"deat_plac","Value":"Sint-Genesius-Rode"}]},{"@pid":"Person8753201","PersonName":{"PersonNameFirstName":"Anne Marie","PersonNameLastName":"Fastenaekels"},"Gender":"Vrouw","Residence":{"Place":"Sint-Genesius-Rode"},"Profession":"sans profession","PersonRemark":{"@Key":"Opmerking","Value":"M\u00e8re : laquele se trouve dans l'impossibilit\u00e9 de manisfester sa volont\u00e9 comme il r\u00e9sulte du certificat ci-joint, d\u00e9livr\u00e9 par Monsieur le M\u00e9decin De Preter de Rhode-Saint-Gen\u00e8se, le 13\/12\/1870."}},{"@pid":"Person12484741","PersonName":{"PersonNameFirstName":"Pierre Joseph","PersonNameLastName":"Draegers"},"Gender":"Man","Residence":{"Place":"Sint-Genesius-Rode"},"Age":{"PersonAgeYears":"33"},"Profession":"garde-champ\u00eatre"},{"@pid":"Person12484751","PersonName":{"PersonNameFirstName":"L\u00e9onard","PersonNameLastName":"Everaerts"},"Gender":"Man","Residence":{"Place":"Sint-Genesius-Rode"},"Age":{"PersonAgeYears":"59"},"Profession":"boucher"},{"@pid":"Person12484761","PersonName":{"PersonNameFirstName":"Pierre Jacques","PersonNameLastName":"Boon"},"Gender":"Man","Residence":{"Place":"Sint-Genesius-Rode"},"Age":{"PersonAgeYears":"28"},"Profession":"cultivateur"},{"@pid":"Person12484771","PersonName":{"PersonNameFirstName":"Jean Baptiste","PersonNameLastName":"Demol"},"Gender":"Man","Residence":{"Place":"Sint-Genesius-Rode"},"Age":{"PersonAgeYears":"23"},"Profession":"cabaretier"},{"@pid":"Person16959521","PersonName":{"PersonNameFirstName":"Fran\u00e7ois","PersonNameLastName":"Ray\u00e9e"},"Gender":"Man","PersonRemark":{"@Key":"Opmerking","Value":[]}},{"@pid":"Person16959691","PersonName":{"PersonNameFirstName":"Marie Catherine","PersonNameLastName":"Paquet"},"Gender":"Vrouw","PersonRemark":{"@Key":"Opmerking","Value":[]}},{"@pid":"Person16959871","PersonName":{"PersonNameFirstName":"Julien","PersonNameLastName":"Bossin"},"Gender":"Man","PersonRemark":{"@Key":"Opmerking","Value":[]}},{"@pid":"Person16960051","PersonName":{"PersonNameFirstName":"Elisabeth","PersonNameLastName":"Swalens"},"Gender":"Vrouw","PersonRemark":{"@Key":"Opmerking","Value":[]}},{"@pid":"Person17230261","PersonName":{"PersonNameFirstName":"Joseph","PersonNameLastName":"Everaerts"},"Gender":"Man","PersonRemark":{"@Key":"Opmerking","Value":[]}},{"@pid":"Person17230391","PersonName":{"PersonNameFirstName":"Elisabeth","PersonNameLastName":"Machiels"},"Gender":"Vrouw","PersonRemark":{"@Key":"Opmerking","Value":[]}},{"@pid":"Person17230521","PersonName":{"PersonNameFirstName":"Jean Joseph","PersonNameLastName":"Fastenaekels"},"Gender":"Man","PersonRemark":{"@Key":"Opmerking","Value":[]}},{"@pid":"Person17230641","PersonName":{"PersonNameFirstName":"Marie Catherine","PersonNameLastName":"Lauwerys"},"Gender":"Vrouw","PersonRemark":{"@Key":"Opmerking","Value":[]}}],"Event":{"@eid":"Event1","EventType":"Huwelijk","EventDate":{"Year":"1870","Month":"12","Day":"14"},"EventPlace":{"Country":"Belgi\u00eb","Place":"Sint-Genesius-Rode"}},"RelationEP":[{"PersonKeyRef":"Person1222981","EventKeyRef":"Event1","RelationType":"Bruidegom"},{"PersonKeyRef":"Person2158561","EventKeyRef":"Event1","RelationType":"Bruid"},{"PersonKeyRef":"Person3807221","EventKeyRef":"Event1","RelationType":"Vader van de bruidegom"},{"PersonKeyRef":"Person5455881","EventKeyRef":"Event1","RelationType":"Moeder van de bruidegom"},{"PersonKeyRef":"Person7104541","EventKeyRef":"Event1","RelationType":"Vader van de bruid"},{"PersonKeyRef":"Person8753201","EventKeyRef":"Event1","RelationType":"Moeder van de bruid"},{"PersonKeyRef":"Person12484741","EventKeyRef":"Event1","RelationType":"Getuige"},{"PersonKeyRef":"Person12484751","EventKeyRef":"Event1","RelationType":"Getuige"},{"PersonKeyRef":"Person12484761","EventKeyRef":"Event1","RelationType":"Getuige"},{"PersonKeyRef":"Person12484771","EventKeyRef":"Event1","RelationType":"Getuige"},{"PersonKeyRef":"Person16959521","EventKeyRef":"Event1","RelationType":"other:Grootouder bruidegom"},{"PersonKeyRef":"Person16959691","EventKeyRef":"Event1","RelationType":"other:Grootouder bruidegom"},{"PersonKeyRef":"Person16959871","EventKeyRef":"Event1","RelationType":"other:Grootouder bruidegom"},{"PersonKeyRef":"Person16960051","EventKeyRef":"Event1","RelationType":"other:Grootouder bruidegom"},{"PersonKeyRef":"Person17230261","EventKeyRef":"Event1","RelationType":"other:Grootouder bruid"},{"PersonKeyRef":"Person17230391","EventKeyRef":"Event1","RelationType":"other:Grootouder bruid"},{"PersonKeyRef":"Person17230521","EventKeyRef":"Event1","RelationType":"other:Grootouder bruid"},{"PersonKeyRef":"Person17230641","EventKeyRef":"Event1","RelationType":"other:Grootouder bruid"}],"Source":{"SourcePlace":{"Country":"Belgi\u00eb","Place":"Leuven"},"SourceIndexDate":{"From":"1792-01-01","To":"1919-12-31"},"SourceDate":{"Year":"1870","Month":"12","Day":"14"},"SourceType":"BS Huwelijk","SourceReference":{"Place":"Leuven","InstitutionName":"Rijksarchief Belgi\u00eb (Leuven)","Collection":"Burgerlijke stand Provincie Vlaams Brabant","DocumentNumber":"17"},"SourceLastChangeDate":"2023-06-23","SourceDigitalOriginal":"https:\/\/search.arch.be\/nl\/zoeken-naar-personen\/zoekresultaat\/weergave\/akte\/id\/HUBRA_00090817_0","RecordIdentifier":"HUBRA_00090817_0","RecordGUID":"{da0e7be6-d5eb-be68-78e7-219077421a4c}","SourceRemark":[{"@Key":"Vrijwilliger","Value":"Demogen Vlaams-Brabant en Brussel (project huvlb19a)"},{"@Key":"Provenance","Value":"DemogenVlaamsBrabant19a.mdb > mdb-export > abl\/demogen\/csv2a2a.pl"}]}}