{"Person":[{"@pid":"Person1385031","PersonName":{"PersonNameFirstName":"Gerard","PersonNameLastName":"Peeters"},"Gender":"Man","Residence":{"Place":"Tienen"},"Age":{"PersonAgeYears":"40"},"BirthDate":{"Year":"1767","Month":"9","Day":"25"},"BirthPlace":{"Country":"Belgi\u00eb","Place":"Tienen"},"Profession":"journalier"},{"@pid":"Person1979931","PersonName":{"PersonNameFirstName":"Marie Therese","PersonNameLastName":"Humbl\u00e9"},"Gender":"Vrouw","Residence":{"Place":"Tienen"},"Age":{"PersonAgeYears":"35"},"BirthDate":{"Year":"1772","Month":"12","Day":"10"},"BirthPlace":{"Country":"Belgi\u00eb","Place":"Hoegaarden"},"MaritalStatus":"other:weduwe"},{"@pid":"Person3628591","PersonName":{"PersonNameFirstName":"Henri","PersonNameLastName":"Peeters"},"Gender":"Man","Residence":{"Place":"Tienen"},"BirthPlace":{"Country":"Belgi\u00eb","Place":"Tienen"},"Profession":"journalier"},{"@pid":"Person5277251","PersonName":{"PersonNameFirstName":"Anne Catherine","PersonNameLastName":"Ambroes"},"Gender":"Vrouw","Residence":{"Place":"Tienen"},"BirthPlace":{"Country":"Belgi\u00eb","Place":"Tienen"},"Profession":"menag\u00e8re"},{"@pid":"Person6925911","PersonName":{"PersonNameFirstName":"Henri","PersonNameLastName":"Humbl\u00e9"},"Gender":"Man","Residence":{"Place":"Hoegaarden"},"BirthPlace":{"Country":"Belgi\u00eb","Place":"Hoegaarden"},"Profession":"journalier"},{"@pid":"Person8574571","PersonName":{"PersonNameFirstName":"Agnes","PersonNameLastName":"Pans"},"Gender":"Vrouw","Residence":{"Place":"Hoegaarden"},"BirthPlace":{"Country":"Belgi\u00eb","Place":"Outgaarden"}},{"@pid":"Person10297531","PersonName":{"PersonNameFirstName":"Mathieu","PersonNameLastName":"Ponsaerts"},"Gender":"Man","PersonRemark":{"@Key":"Opmerking","Value":[]}},{"@pid":"Person11876831","PersonName":{"PersonNameFirstName":"Gabriel Joseph","PersonNameLastName":"Bernardin"},"Gender":"Man","Residence":{"Place":"Tienen"},"Age":{"PersonAgeYears":"55"},"Profession":"particulier"},{"@pid":"Person11876841","PersonName":{"PersonNameFirstName":"Pierre","PersonNameLastName":"Delescaille"},"Gender":"Man","Residence":{"Place":"Tienen"},"Age":{"PersonAgeYears":"45"},"Profession":"cordonnier"},{"@pid":"Person11876851","PersonName":{"PersonNameFirstName":"Geron\u00e9","PersonNameLastName":"Kennis"},"Gender":"Man","Residence":{"Place":"Tienen"},"Age":{"PersonAgeYears":"38"},"Profession":"tisserand"},{"@pid":"Person11876861","PersonName":{"PersonNameFirstName":"Jean Baptiste","PersonNameLastName":"Poff\u00e9"},"Gender":"Man","Residence":{"Place":"Tienen"},"Age":{"PersonAgeYears":"21"},"Profession":"tisserand"}],"Event":{"@eid":"Event1","EventType":"Huwelijk","EventDate":{"Year":"1809","Month":"2","Day":"19"},"EventPlace":{"Country":"Belgi\u00eb","Place":"Tienen"}},"RelationEP":[{"PersonKeyRef":"Person1385031","EventKeyRef":"Event1","RelationType":"Bruidegom"},{"PersonKeyRef":"Person1979931","EventKeyRef":"Event1","RelationType":"Bruid"},{"PersonKeyRef":"Person3628591","EventKeyRef":"Event1","RelationType":"Vader van de bruidegom"},{"PersonKeyRef":"Person5277251","EventKeyRef":"Event1","RelationType":"Moeder van de bruidegom"},{"PersonKeyRef":"Person6925911","EventKeyRef":"Event1","RelationType":"Vader van de bruid"},{"PersonKeyRef":"Person8574571","EventKeyRef":"Event1","RelationType":"Moeder van de bruid"},{"PersonKeyRef":"Person10297531","EventKeyRef":"Event1","RelationType":"other:Vorige partner bruid"},{"PersonKeyRef":"Person11876831","EventKeyRef":"Event1","RelationType":"Getuige"},{"PersonKeyRef":"Person11876841","EventKeyRef":"Event1","RelationType":"Getuige"},{"PersonKeyRef":"Person11876851","EventKeyRef":"Event1","RelationType":"Getuige"},{"PersonKeyRef":"Person11876861","EventKeyRef":"Event1","RelationType":"Getuige"}],"Source":{"SourcePlace":{"Country":"Belgi\u00eb","Place":"Leuven"},"SourceIndexDate":{"From":"1792-01-01","To":"1919-12-31"},"SourceDate":{"Year":"1809","Month":"2","Day":"19"},"SourceType":"BS Huwelijk","SourceReference":{"Place":"Leuven","InstitutionName":"Rijksarchief Belgi\u00eb (Leuven)","Collection":"Burgerlijke stand Provincie Vlaams Brabant","DocumentNumber":"10"},"SourceAvailableScans":{"Scan":{"OrderSequenceNumber":"1","UriViewer":"https:\/\/www.familysearch.org\/ark:\/61903\/3:1:9398-HCSS-41?i=200&cc=1482191&cat=267031"}},"SourceLastChangeDate":"2023-06-23","SourceDigitalOriginal":"https:\/\/search.arch.be\/nl\/zoeken-naar-personen\/zoekresultaat\/weergave\/akte\/id\/HUBRA_00053439_0","RecordIdentifier":"HUBRA_00053439_0","RecordGUID":"{d94728d1-cdcf-331c-1472-359c229cc2af}","SourceRemark":[{"@Key":"Opmerking","Value":"Dit is hetzelfde huwelijk als in akte nr. 42 van dec. 1808, huwelijk dat toen niet doorging."},{"@Key":"Vrijwilliger","Value":"Demogen Vlaams-Brabant en Brussel (project huvlb19a)"},{"@Key":"Provenance","Value":"DemogenVlaamsBrabant19a.mdb > mdb-export > abl\/demogen\/csv2a2a.pl"}]}}