{"Person":[{"@pid":"Person1364631","PersonName":{"PersonNameFirstName":"Guillaume Jacques","PersonNameLastName":"Bartholomees"},"Gender":"Man","Residence":{"Place":"Tervuren"},"Age":{"PersonAgeYears":"21"},"BirthDate":{"Year":"1786","Month":"8","Day":"23"},"BirthPlace":{"Country":"Belgi\u00eb","Place":"Tervuren"},"Profession":"scieur de long"},{"@pid":"Person3143561","PersonName":{"PersonNameFirstName":"Isabelle","PersonNameLastName":"Wimel"},"Gender":"Vrouw","Residence":{"Place":"Tervuren"},"Age":{"PersonAgeYears":"23"},"BirthDate":{"Year":"1785","Month":"1","Day":"10"},"BirthPlace":{"Country":"Belgi\u00eb","Place":"Bruxelles"},"PersonRemark":{"@Key":"Opmerking","Value":"fille de la Patrie"}},{"@pid":"Person4792221","PersonName":{"PersonNameFirstName":"Pierre","PersonNameLastName":"Bartholomees"},"Gender":"Man","Residence":{"Place":"Tervuren"},"Age":{"PersonAgeYears":"55"},"BirthPlace":{"Country":"Belgi\u00eb","Place":"Tervuren"},"Profession":"scieur de long"},{"@pid":"Person6440881","PersonName":{"PersonNameFirstName":"Jeanne","PersonNameLastName":"Herens"},"Gender":"Vrouw","Residence":{"Place":"Tervuren"},"Age":{"PersonAgeYears":"44"},"BirthPlace":{"Country":"Belgi\u00eb","Place":"Tervuren"},"Profession":"m\u00e9nag\u00e8re"},{"@pid":"Person16181131","PersonName":{"PersonNameFirstName":"Pierre","PersonNameLastName":"Bartholomees"},"Gender":"Man","Residence":{"Place":"Tervuren"},"Age":{"PersonAgeYears":"55"},"Profession":"scieur de long"},{"@pid":"Person16181141","PersonName":{"PersonNameFirstName":"Henry","PersonNameLastName":"Elsack"},"Gender":"Man","Residence":{"Place":"Tervuren"},"Age":{"PersonAgeYears":"26"},"Profession":"journalier"},{"@pid":"Person16181151","PersonName":{"PersonNameFirstName":"Jean Baptiste","PersonNameLastName":"De Veuster"},"Gender":"Man","Residence":{"Place":"Tervuren"},"Age":{"PersonAgeYears":"25"},"Profession":"tisserand"},{"@pid":"Person16181161","PersonName":{"PersonNameFirstName":"Jean Baptiste","PersonNameLastName":"Herinckx"},"Gender":"Man","Residence":{"Place":"Tervuren"},"Age":{"PersonAgeYears":"24"},"Profession":"tailleur"}],"Event":{"@eid":"Event1","EventType":"Huwelijk","EventDate":{"Year":"1808","Month":"6","Day":"26"},"EventPlace":{"Country":"Belgi\u00eb","Place":"Tervuren"}},"RelationEP":[{"PersonKeyRef":"Person1364631","EventKeyRef":"Event1","RelationType":"Bruidegom"},{"PersonKeyRef":"Person3143561","EventKeyRef":"Event1","RelationType":"Bruid"},{"PersonKeyRef":"Person4792221","EventKeyRef":"Event1","RelationType":"Vader van de bruidegom"},{"PersonKeyRef":"Person6440881","EventKeyRef":"Event1","RelationType":"Moeder van de bruidegom"},{"PersonKeyRef":"Person16181131","EventKeyRef":"Event1","RelationType":"Getuige"},{"PersonKeyRef":"Person16181141","EventKeyRef":"Event1","RelationType":"Getuige"},{"PersonKeyRef":"Person16181151","EventKeyRef":"Event1","RelationType":"Getuige"},{"PersonKeyRef":"Person16181161","EventKeyRef":"Event1","RelationType":"Getuige"}],"Source":{"SourcePlace":{"Country":"Belgi\u00eb","Place":"Leuven"},"SourceIndexDate":{"From":"1792-01-01","To":"1919-12-31"},"SourceDate":{"Year":"1808","Month":"6","Day":"26"},"SourceType":"BS Huwelijk","SourceReference":{"Place":"Leuven","InstitutionName":"Rijksarchief Belgi\u00eb (Leuven)","Collection":"Burgerlijke stand Provincie Vlaams Brabant","DocumentNumber":"2"},"SourceLastChangeDate":"2023-06-23","SourceDigitalOriginal":"https:\/\/search.arch.be\/nl\/zoeken-naar-personen\/zoekresultaat\/weergave\/akte\/id\/HUBRA_00299181_0","RecordIdentifier":"HUBRA_00299181_0","RecordGUID":"{d70fb041-4a4b-9757-130e-11ec31130ccc}","SourceRemark":[{"@Key":"Vrijwilliger","Value":"Demogen Vlaams-Brabant en Brussel (project huvlb19a)"},{"@Key":"Provenance","Value":"DemogenVlaamsBrabant19a.mdb > mdb-export > abl\/demogen\/csv2a2a.pl"}]}}