{"Person":[{"@pid":"Person459912","PersonName":{"PersonNameFirstName":"Louis Adolphe Pierre Joseph G\u00e9rard Marie","PersonNameLastName":"de San"},"Gender":"Man","Residence":{"Place":"Leuven"},"BirthDate":{"Year":"1873","Month":"12","Day":"19"},"BirthPlace":{"Country":"Belgi\u00eb","Place":"Schaerbeek"},"Profession":"docteur en droit","PersonRemark":{"@Key":"Opmerking","Value":"attach\u00e9 au minist\u00e8re de l'interieur et de l'instruction publique"}},{"@pid":"Person1348412","PersonName":{"PersonNameFirstName":"Emma Jos\u00e8phe Marie","PersonNameLastName":"De Bruyn"},"Gender":"Vrouw","Residence":{"Place":"Leuven"},"BirthDate":{"Year":"1875","Month":"3","Day":"16"},"BirthPlace":{"Country":"Belgi\u00eb","Place":"Saint-Josse-ten-Node"},"Profession":"sans profession"},{"@pid":"Person2621752","PersonName":{"PersonNameFirstName":"G\u00e9rard Lambert","PersonNameLastName":"de San"},"Gender":"Man"},{"@pid":"Person3510252","PersonName":{"PersonNameFirstName":"Marie Th\u00e9r\u00e8se Claire","PersonNameLastName":"Nooren"},"Gender":"Vrouw","Residence":{"Place":"Leuven"},"Profession":"renti\u00e8re"},{"@pid":"Person4398752","PersonName":{"PersonNameFirstName":"Jean Jacques Marie","PersonNameLastName":"De Bruyn"},"Gender":"Man","Residence":{"Place":"Leuven"},"Profession":"major retrait\u00e9"},{"@pid":"Person5287252","PersonName":{"PersonNameFirstName":"Jeanne Emma","PersonNameLastName":"Perdieus"},"Gender":"Vrouw","Residence":{"Place":"Leuven"},"Profession":"sans profession"},{"@pid":"Person8978772","PersonName":{"PersonNameFirstName":"Louis","PersonNameLastName":"De Bruyne"},"Gender":"Man","Residence":{"Place":"Mechelen"},"Age":{"PersonAgeYears":"65"},"Profession":"secr\u00e9taire communal"},{"@pid":"Person8978782","PersonName":{"PersonNameFirstName":"Edouard","PersonNameLastName":"D'Anvers"},"Gender":"Man","Residence":{"Place":"Leuven"},"Age":{"PersonAgeYears":"79"},"Profession":"lieutenant colonel retrait\u00e9"},{"@pid":"Person8978792","PersonName":{"PersonNameFirstName":"G\u00e9rard","PersonNameLastName":"de San"},"Gender":"Man","Residence":{"Place":"Leuven"},"Age":{"PersonAgeYears":"23"},"Profession":"sans profession"},{"@pid":"Person8978802","PersonName":{"PersonNameFirstName":"Maurice","PersonNameLastName":"de San"},"Gender":"Man","Residence":{"Place":"Leuven"},"Age":{"PersonAgeYears":"21"},"Profession":"industriel"}],"Event":{"@eid":"Event1","EventType":"Huwelijk","EventDate":{"Year":"1899","Month":"9","Day":"6"},"EventPlace":{"Country":"Belgi\u00eb","Place":"Leuven"}},"RelationEP":[{"PersonKeyRef":"Person459912","EventKeyRef":"Event1","RelationType":"Bruidegom"},{"PersonKeyRef":"Person1348412","EventKeyRef":"Event1","RelationType":"Bruid"},{"PersonKeyRef":"Person2621752","EventKeyRef":"Event1","RelationType":"Vader van de bruidegom"},{"PersonKeyRef":"Person3510252","EventKeyRef":"Event1","RelationType":"Moeder van de bruidegom"},{"PersonKeyRef":"Person4398752","EventKeyRef":"Event1","RelationType":"Vader van de bruid"},{"PersonKeyRef":"Person5287252","EventKeyRef":"Event1","RelationType":"Moeder van de bruid"},{"PersonKeyRef":"Person8978772","EventKeyRef":"Event1","RelationType":"Getuige"},{"PersonKeyRef":"Person8978782","EventKeyRef":"Event1","RelationType":"Getuige"},{"PersonKeyRef":"Person8978792","EventKeyRef":"Event1","RelationType":"Getuige"},{"PersonKeyRef":"Person8978802","EventKeyRef":"Event1","RelationType":"Getuige"}],"Source":{"SourcePlace":{"Country":"Belgi\u00eb","Place":"Leuven"},"SourceIndexDate":{"From":"1792-01-01","To":"1919-12-31"},"SourceDate":{"Year":"1899","Month":"9","Day":"6"},"SourceType":"BS Huwelijk","SourceReference":{"Place":"Leuven","InstitutionName":"Rijksarchief Belgi\u00eb (Leuven)","Collection":"Burgerlijke stand Provincie Vlaams Brabant","DocumentNumber":"211"},"SourceAvailableScans":{"Scan":{"OrderSequenceNumber":"1","UriViewer":"https:\/\/www.familysearch.org\/ark:\/61903\/3:1:939K-8MNB-Y?i=367&cc=1482191&cat=205581"}},"SourceLastChangeDate":"2023-06-23","SourceDigitalOriginal":"https:\/\/search.arch.be\/nl\/zoeken-naar-personen\/zoekresultaat\/weergave\/akte\/id\/HUBRA_00326056_0","RecordIdentifier":"HUBRA_00326056_0","RecordGUID":"{d51d5873-6b9a-6ef4-7e8e-3f8f1d3c2c93}","SourceRemark":[{"@Key":"Vrijwilliger","Value":"Demogen Vlaams-Brabant en Brussel (project huvlb19b)"},{"@Key":"Provenance","Value":"DemogenVlaamsBrabant19b.mdb > mdb-export > abl\/demogen\/csv2a2a.pl"}]}}