{"Person":[{"@pid":"Person14182610","PersonName":{"PersonNameFirstName":"Auguste","PersonNameLastName":"Vanweser"},"Gender":"Man","Residence":{"Place":"Tienen"},"Age":{"PersonAgeYears":"22"},"Profession":"journalier"},{"@pid":"Person14182710","PersonName":{"PersonNameFirstName":"Henri","PersonNameLastName":"Vanderweyen"},"Gender":"Man","Residence":{"Place":"Tienen"},"Age":{"PersonAgeYears":"74"},"Profession":"sans profession"},{"@pid":"Person14675210","PersonName":{"PersonNameFirstName":"Fr\u00e9d\u00e9ric","PersonNameLastName":"Vangehuchten"},"Gender":"Man","Residence":{"Place":"Tienen"},"Age":{"PersonAgeYears":"41"},"BirthPlace":{"Country":"Belgi\u00eb","Place":"Tienen"},"Profession":"journalier","MaritalStatus":"other:gehuwd","PersonRemark":{"@Key":"Opmerking","Value":"aangever"}},{"@pid":"Person14959310","PersonName":{"PersonNameFirstName":"Marie G\u00e9n\u00e9vi\u00e8ve","PersonNameLastName":"Laudes"},"Gender":"Vrouw","Residence":{"Place":"Tienen"},"Age":{"PersonAgeYears":"41"},"BirthPlace":{"Country":"Belgi\u00eb","Place":"Oplinter"},"Profession":"m\u00e9nag\u00e8re","MaritalStatus":"other:gehuwd"},{"@pid":"Person15254710","PersonName":{"PersonNameFirstName":"Eug\u00e8ne Joseph","PersonNameLastName":"Vangehuchten"},"Gender":"Man","BirthDate":{"Year":"1893","Month":"10","Day":"29"},"BirthPlace":{"Country":"Belgi\u00eb","Place":"Tirlemont"},"PersonRemark":{"@Key":"Opmerking","Value":"uur van geboorte 14:00:00,"}}],"Event":{"@eid":"Event1","EventType":"Geboorte","EventDate":{"Year":"1893","Month":"10","Day":"29"},"EventPlace":{"Country":"Belgi\u00eb","Place":"Tienen"}},"RelationEP":[{"PersonKeyRef":"Person14182610","EventKeyRef":"Event1","RelationType":"Getuige"},{"PersonKeyRef":"Person14182710","EventKeyRef":"Event1","RelationType":"Getuige"},{"PersonKeyRef":"Person14675210","EventKeyRef":"Event1","RelationType":"Vader"},{"PersonKeyRef":"Person14959310","EventKeyRef":"Event1","RelationType":"Moeder"},{"PersonKeyRef":"Person15254710","EventKeyRef":"Event1","RelationType":"Kind"}],"Source":{"SourcePlace":{"Country":"Belgi\u00eb","Place":"Leuven"},"SourceIndexDate":{"From":"1792-01-01","To":"1919-12-31"},"SourceDate":{"Year":"1893","Month":"10","Day":"30"},"SourceType":"BS Geboorte","SourceReference":{"Place":"Leuven","InstitutionName":"Rijksarchief Belgi\u00eb (Leuven)","Collection":"Burgerlijke stand Provincie Vlaams Brabant","DocumentNumber":"424"},"SourceLastChangeDate":"2023-06-23","SourceDigitalOriginal":"https:\/\/search.arch.be\/nl\/zoeken-naar-personen\/zoekresultaat\/weergave\/akte\/id\/AVB01000235006_0","RecordIdentifier":"AVB01000235006_0","RecordGUID":"{d4cda686-2e76-1df0-4ed7-412cbd5cc250}","SourceRemark":[{"@Key":"Vrijwilliger","Value":"Demogen Vlaams-Brabant en Brussel (project gavlb10)"},{"@Key":"Provenance","Value":"DemogenGeboorteaktenVLB010.mdb > mdb-export > abl\/demogen\/csv2a2a.pl"}]}}