{"Person":[{"@pid":"Person1318108","PersonName":{"PersonNameFirstName":"Fran\u00e7ois","PersonNameLastName":"Vanstalle"},"Gender":"Man","Residence":{"Place":"Lembeek"},"Age":{"PersonAgeYears":"37"},"Profession":"facteur"},{"@pid":"Person1318208","PersonName":{"PersonNameFirstName":"Joseph Edouard","PersonNameLastName":"Berckmans"},"Gender":"Man","Residence":{"Place":"Lembeek"},"Age":{"PersonAgeYears":"30"},"Profession":"m\u00e9canicien"},{"@pid":"Person2922108","PersonName":{"PersonNameFirstName":"F\u00e9lix","PersonNameLastName":"Borremans"},"Gender":"Man","Residence":{"Place":"Malheide, Lembeek"},"Age":{"PersonAgeYears":"32"},"BirthPlace":{"Country":"Belgi\u00eb","Place":"Lembeek"},"Profession":"plafonneur","MaritalStatus":"other:gehuwd","PersonRemark":{"@Key":"Opmerking","Value":"aangever"}},{"@pid":"Person3982308","PersonName":{"PersonNameFirstName":"Pauline","PersonNameLastName":"Boschmans"},"Gender":"Vrouw","Residence":{"Place":"Lembeek"},"Age":{"PersonAgeYears":"27"},"BirthPlace":{"Country":"Belgi\u00eb","Place":"Lembeek"},"Profession":"m\u00e9nag\u00e8re","MaritalStatus":"other:gehuwd"},{"@pid":"Person5062308","PersonName":{"PersonNameFirstName":"Victorine V\u00e9ronique","PersonNameLastName":"Borremans"},"Gender":"Vrouw","BirthDate":{"Year":"1871","Month":"1","Day":"13"},"BirthPlace":{"Country":"Belgi\u00eb","Place":"Malheijde, Lembecq"},"PersonRemark":{"@Key":"Opmerking","Value":"uur van geboorte 4:00:00,"}}],"Event":{"@eid":"Event1","EventType":"Geboorte","EventDate":{"Year":"1871","Month":"1","Day":"13"},"EventPlace":{"Country":"Belgi\u00eb","Place":"Lembeek"}},"RelationEP":[{"PersonKeyRef":"Person1318108","EventKeyRef":"Event1","RelationType":"Getuige"},{"PersonKeyRef":"Person1318208","EventKeyRef":"Event1","RelationType":"Getuige"},{"PersonKeyRef":"Person2922108","EventKeyRef":"Event1","RelationType":"Vader"},{"PersonKeyRef":"Person3982308","EventKeyRef":"Event1","RelationType":"Moeder"},{"PersonKeyRef":"Person5062308","EventKeyRef":"Event1","RelationType":"Kind"}],"Source":{"SourcePlace":{"Country":"Belgi\u00eb","Place":"Leuven"},"SourceIndexDate":{"From":"1792-01-01","To":"1919-12-31"},"SourceDate":{"Year":"1871","Month":"1","Day":"14"},"SourceType":"BS Geboorte","SourceReference":{"Place":"Leuven","InstitutionName":"Rijksarchief Belgi\u00eb (Leuven)","Collection":"Burgerlijke stand Provincie Vlaams Brabant","DocumentNumber":"5"},"SourceAvailableScans":{"Scan":{"OrderSequenceNumber":"1","UriViewer":"https:\/\/www.familysearch.org\/ark:\/61903\/3:1:9392-C69F-G1?i=174&cc=1482191&cat=205146"}},"SourceLastChangeDate":"2023-06-23","SourceDigitalOriginal":"https:\/\/search.arch.be\/nl\/zoeken-naar-personen\/zoekresultaat\/weergave\/akte\/id\/GAVB0800029254_0","RecordIdentifier":"GAVB0800029254_0","RecordGUID":"{c8ccafdc-8ca2-9747-64a1-491697ede80c}","SourceRemark":[{"@Key":"Vrijwilliger","Value":"Demogen Vlaams-Brabant en Brussel (project gavlb8)"},{"@Key":"Provenance","Value":"DemogenGeboorteaktenVLB008.mdb > mdb-export > abl\/demogen\/csv2a2a.pl"}]}}