{"Person":[{"@pid":"Person141595","PersonName":{"PersonNameFirstName":"Jean Baptiste","PersonNameLastName":"Lerinckx"},"Gender":"Man","Residence":{"Place":"Halle"},"BirthDate":{"Year":"1882","Month":"2","Day":"2"},"BirthPlace":{"Country":"Belgi\u00eb","Place":"Halle"},"Profession":"abatteur"},{"@pid":"Person798475","PersonName":{"PersonNameFirstName":"Marie","PersonNameLastName":"Heyvaert"},"Gender":"Vrouw","Residence":{"Place":"Halle"},"BirthDate":{"Year":"1889","Month":"1","Day":"2"},"BirthPlace":{"Country":"Belgi\u00eb","Place":"Halle"},"Profession":"ouvri\u00e8re brodeuse"},{"@pid":"Person1455355","PersonName":{"PersonNameFirstName":"Fran\u00e7ois Joseph","PersonNameLastName":"Lerinckx"},"Gender":"Man"},{"@pid":"Person2272985","PersonName":{"PersonNameFirstName":"Marie","PersonNameLastName":"Uytenhoven"},"Gender":"Vrouw","Residence":{"Place":"Halle"},"Age":{"PersonAgeYears":"56"},"Profession":"menag\u00e8re"},{"@pid":"Person2929865","PersonName":{"PersonNameFirstName":"Henri","PersonNameLastName":"Heyvaert"},"Gender":"Man","Residence":{"Place":"Halle"},"Age":{"PersonAgeYears":"47"},"Profession":"tailleur"},{"@pid":"Person3586745","PersonName":{"PersonNameFirstName":"Pauline","PersonNameLastName":"Decoster"},"Gender":"Vrouw","Residence":{"Place":"Halle"},"Age":{"PersonAgeYears":"43"},"Profession":"menag\u00e8re"},{"@pid":"Person5065655","PersonName":{"PersonNameFirstName":"Joseph","PersonNameLastName":"Cardyn"},"Gender":"Man","Residence":{"Place":"Halle"},"Age":{"PersonAgeYears":"41"},"Profession":"menuisier"},{"@pid":"Person5065665","PersonName":{"PersonNameFirstName":"Fran\u00e7ois","PersonNameLastName":"Lerinckx"},"Gender":"Man","Residence":{"Place":"Lembeek"},"Age":{"PersonAgeYears":"24"},"Profession":"boucher"}],"Event":{"@eid":"Event1","EventType":"Huwelijk","EventDate":{"Year":"1910","Month":"8","Day":"29"},"EventPlace":{"Country":"Belgi\u00eb","Place":"Halle"}},"RelationEP":[{"PersonKeyRef":"Person141595","EventKeyRef":"Event1","RelationType":"Bruidegom"},{"PersonKeyRef":"Person798475","EventKeyRef":"Event1","RelationType":"Bruid"},{"PersonKeyRef":"Person1455355","EventKeyRef":"Event1","RelationType":"Vader van de bruidegom"},{"PersonKeyRef":"Person2272985","EventKeyRef":"Event1","RelationType":"Moeder van de bruidegom"},{"PersonKeyRef":"Person2929865","EventKeyRef":"Event1","RelationType":"Vader van de bruid"},{"PersonKeyRef":"Person3586745","EventKeyRef":"Event1","RelationType":"Moeder van de bruid"},{"PersonKeyRef":"Person5065655","EventKeyRef":"Event1","RelationType":"Getuige"},{"PersonKeyRef":"Person5065665","EventKeyRef":"Event1","RelationType":"Getuige"}],"Source":{"SourcePlace":{"Country":"Belgi\u00eb","Place":"Leuven"},"SourceIndexDate":{"From":"1792-01-01","To":"1919-12-31"},"SourceDate":{"Year":"1910","Month":"8","Day":"29"},"SourceType":"BS Huwelijk","SourceReference":{"Place":"Leuven","InstitutionName":"Rijksarchief Belgi\u00eb (Leuven)","Collection":"Burgerlijke stand Provincie Vlaams Brabant","DocumentNumber":"65"},"SourceAvailableScans":{"Scan":{"OrderSequenceNumber":"1","UriViewer":"https:\/\/www.familysearch.org\/ark:\/61903\/3:1:9392-436N-N?i=29&wc=STJ1-ZNP%3A967047501%2C1488845679&cc=1482191"}},"SourceLastChangeDate":"2023-06-23","SourceDigitalOriginal":"https:\/\/search.arch.be\/nl\/zoeken-naar-personen\/zoekresultaat\/weergave\/akte\/id\/HUBRA_00256554_0","RecordIdentifier":"HUBRA_00256554_0","RecordGUID":"{c0ea271a-4fbc-88a4-1c97-b4e153134a87}","SourceRemark":[{"@Key":"Vrijwilliger","Value":"Demogen Vlaams-Brabant en Brussel (project huvlb20)"},{"@Key":"Provenance","Value":"DemogenVlaamsBrabant20.mdb > mdb-export > abl\/demogen\/csv2a2a.pl"}]}}