{"Person":[{"@pid":"Person1474351","PersonName":{"PersonNameFirstName":"Urbain Joseph","PersonNameLastName":"Vancools"},"Gender":"Man","Residence":{"Place":"Vilvoorde"},"BirthDate":{"Year":"1826","Month":"5","Day":"7"},"BirthPlace":{"Country":"Belgi\u00eb","Place":"Vilvoorde"},"Profession":"journalier"},{"@pid":"Person2857791","PersonName":{"PersonNameFirstName":"Gertrude","PersonNameLastName":"Matheis"},"Gender":"Vrouw","Residence":{"Place":"Vilvoorde"},"BirthDate":{"Year":"1829","Month":"12","Day":"21"},"BirthPlace":{"Country":"Belgi\u00eb","Place":"Vilvoorde"},"Profession":"journali\u00e8re","PersonRemark":{"@Key":"Opmerking","Value":"Fille ill\u00e9gitime"}},{"@pid":"Person4506451","PersonName":{"PersonNameFirstName":"Albert Jean","PersonNameLastName":"Vancools"},"Gender":"Man","PersonRemark":[{"@Key":"deat_date","Value":"1833-04-11"},{"@Key":"deat_plac","Value":"Bruxelles"}]},{"@pid":"Person6155111","PersonName":{"PersonNameFirstName":"Anne Cath\u00e9rine","PersonNameLastName":"Deroeck"},"Gender":"Vrouw","Residence":{"Place":"Vilvoorde"},"Age":{"PersonAgeYears":"48"},"Profession":"m\u00e9nag\u00e8re"},{"@pid":"Person7803771","PersonName":{"PersonNameFirstName":"Jacques","PersonNameLastName":"Matheis"},"Gender":"Man","PersonRemark":{"@Key":"Opmerking","Value":"dont l'absence a \u00e9t\u00e9 constat\u00e9e par acte de notori\u00e9t\u00e9 dress\u00e9 devant la Justice de Paix du Canton de Vilvorde le vingt deux Juin, mil huit cent quarante sept, enregistr\u00e9 le vingt trois du m\u00eame mois"}},{"@pid":"Person9452431","PersonName":{"PersonNameFirstName":"Marie","PersonNameLastName":"Hermans"},"Gender":"Vrouw","Residence":{"Place":"Vilvoorde"},"Age":{"PersonAgeYears":"47"},"Profession":"journali\u00e8re","PersonRemark":{"@Key":"Opmerking","Value":"Epouse de Jacques Veylbrief, militaire pensionn\u00e9 domicili\u00e9 \u00e0 Vilvorde"}},{"@pid":"Person15115441","PersonName":{"PersonNameFirstName":"Jacques","PersonNameLastName":"Veylbrief"},"Gender":"Man","Residence":{"Place":"Vilvoorde"},"Age":{"PersonAgeYears":"55"},"Profession":"militaire pensionn\u00e9"},{"@pid":"Person15115451","PersonName":{"PersonNameFirstName":"Nicolas","PersonNameLastName":"Loos"},"Gender":"Man","Residence":{"Place":"Vilvoorde"},"Age":{"PersonAgeYears":"23"},"Profession":"tisserand"},{"@pid":"Person15115461","PersonName":{"PersonNameFirstName":"Jean Baptiste","PersonNameLastName":"Siemons"},"Gender":"Man","Residence":{"Place":"Vilvoorde"},"Age":{"PersonAgeYears":"45"},"Profession":"cordonnier"},{"@pid":"Person15115471","PersonName":{"PersonNameFirstName":"Fran\u00e7ois","PersonNameLastName":"Vanderheyden"},"Gender":"Man","Residence":{"Place":"Vilvoorde"},"Age":{"PersonAgeYears":"76"},"Profession":"boutiquier"}],"Event":{"@eid":"Event1","EventType":"Huwelijk","EventDate":{"Year":"1847","Month":"7","Day":"15"},"EventPlace":{"Country":"Belgi\u00eb","Place":"Vilvoorde"}},"RelationEP":[{"PersonKeyRef":"Person1474351","EventKeyRef":"Event1","RelationType":"Bruidegom"},{"PersonKeyRef":"Person2857791","EventKeyRef":"Event1","RelationType":"Bruid"},{"PersonKeyRef":"Person4506451","EventKeyRef":"Event1","RelationType":"Vader van de bruidegom"},{"PersonKeyRef":"Person6155111","EventKeyRef":"Event1","RelationType":"Moeder van de bruidegom"},{"PersonKeyRef":"Person7803771","EventKeyRef":"Event1","RelationType":"Vader van de bruid"},{"PersonKeyRef":"Person9452431","EventKeyRef":"Event1","RelationType":"Moeder van de bruid"},{"PersonKeyRef":"Person15115441","EventKeyRef":"Event1","RelationType":"Getuige"},{"PersonKeyRef":"Person15115451","EventKeyRef":"Event1","RelationType":"Getuige"},{"PersonKeyRef":"Person15115461","EventKeyRef":"Event1","RelationType":"Getuige"},{"PersonKeyRef":"Person15115471","EventKeyRef":"Event1","RelationType":"Getuige"}],"Source":{"SourcePlace":{"Country":"Belgi\u00eb","Place":"Leuven"},"SourceIndexDate":{"From":"1792-01-01","To":"1919-12-31"},"SourceDate":{"Year":"1847","Month":"7","Day":"15"},"SourceType":"BS Huwelijk","SourceReference":{"Place":"Leuven","InstitutionName":"Rijksarchief Belgi\u00eb (Leuven)","Collection":"Burgerlijke stand Provincie Vlaams Brabant","DocumentNumber":"22"},"SourceLastChangeDate":"2023-06-23","SourceDigitalOriginal":"https:\/\/search.arch.be\/nl\/zoeken-naar-personen\/zoekresultaat\/weergave\/akte\/id\/HUBRA_00232889_0","RecordIdentifier":"HUBRA_00232889_0","RecordGUID":"{b256f891-a702-0c85-5202-bb1a16fba723}","SourceRemark":[{"@Key":"Vrijwilliger","Value":"Demogen Vlaams-Brabant en Brussel (project huvlb19a)"},{"@Key":"Provenance","Value":"DemogenVlaamsBrabant19a.mdb > mdb-export > abl\/demogen\/csv2a2a.pl"}]}}