{"Person":[{"@pid":"Person1316331","PersonName":{"PersonNameFirstName":"Jean","PersonNameLastName":"Verdickt"},"Gender":"Man","Residence":{"Place":"Sint-Ulriks-Kapelle"},"Age":{"PersonAgeYears":"18"},"BirthDate":{"Year":"1793","Month":"9","Day":"15"},"BirthPlace":{"Country":"Belgi\u00eb","Place":"Sint-Ulriks-Kapelle"},"Profession":"cultivateur","MaritalStatus":"other:fils mineur"},{"@pid":"Person2033731","PersonName":{"PersonNameFirstName":"Marie Anne","PersonNameLastName":"Bult\u00e9"},"Gender":"Vrouw","Residence":{"Place":"Sint-Ulriks-Kapelle"},"Age":{"PersonAgeYears":"18"},"BirthDate":{"Year":"1793","Month":"12","Day":"15"},"BirthPlace":{"Country":"Belgi\u00eb","Place":"Ternat"},"MaritalStatus":"other:fille mineur"},{"@pid":"Person3682391","PersonName":{"PersonNameFirstName":"Egide","PersonNameLastName":"Verdickt"},"Gender":"Man","BirthPlace":{"Country":"Belgi\u00eb","Place":"Rossem"}},{"@pid":"Person5331051","PersonName":{"PersonNameFirstName":"Marie Anne","PersonNameLastName":"Desmedt"},"Gender":"Vrouw","Residence":{"Place":"Sint-Ulriks-Kapelle"},"Age":{"PersonAgeYears":"57"},"BirthPlace":{"Country":"Belgi\u00eb","Place":"Meuzegem"},"Profession":"cultivatrice"},{"@pid":"Person6979711","PersonName":{"PersonNameFirstName":"Philippe","PersonNameLastName":"Bult\u00e9"},"Gender":"Man","BirthPlace":{"Country":"Belgi\u00eb","Place":"Onze-Lieve-Vrouw-Lombeek"}},{"@pid":"Person8628371","PersonName":{"PersonNameFirstName":"Marie Th\u00e9r\u00e8se","PersonNameLastName":"Galmaert"},"Gender":"Vrouw","BirthPlace":{"Country":"Belgi\u00eb","Place":"Gooik"}},{"@pid":"Person12073561","PersonName":{"PersonNameFirstName":"Pierre","PersonNameLastName":"Verdickt"},"Gender":"Man","Residence":{"Place":"Sint-Ulriks-Kapelle"},"Age":{"PersonAgeYears":"56"},"Profession":"cultivateur"},{"@pid":"Person12073571","PersonName":{"PersonNameFirstName":"Jean","PersonNameLastName":"Bult\u00e9"},"Gender":"Man","Residence":{"Place":"Sint-Ulriks-Kapelle"},"Age":{"PersonAgeYears":"30"},"Profession":"cultivateur"},{"@pid":"Person12073581","PersonName":{"PersonNameFirstName":"Jean Baptiste","PersonNameLastName":"Suys"},"Gender":"Man","Residence":{"Place":"Sint-Ulriks-Kapelle"},"Age":{"PersonAgeYears":"25"},"Profession":"cultivateur"},{"@pid":"Person12073591","PersonName":{"PersonNameFirstName":"Etienne","PersonNameLastName":"Stroobans"},"Gender":"Man","Residence":{"Place":"Molenbeke"},"Age":{"PersonAgeYears":"33"},"Profession":"debitant de tabac"}],"Event":{"@eid":"Event1","EventType":"Huwelijk","EventDate":{"Year":"1812","Month":"5","Day":"20"},"EventPlace":{"Country":"Belgi\u00eb","Place":"Sint-Ulriks-Kapelle"}},"RelationEP":[{"PersonKeyRef":"Person1316331","EventKeyRef":"Event1","RelationType":"Bruidegom"},{"PersonKeyRef":"Person2033731","EventKeyRef":"Event1","RelationType":"Bruid"},{"PersonKeyRef":"Person3682391","EventKeyRef":"Event1","RelationType":"Vader van de bruidegom"},{"PersonKeyRef":"Person5331051","EventKeyRef":"Event1","RelationType":"Moeder van de bruidegom"},{"PersonKeyRef":"Person6979711","EventKeyRef":"Event1","RelationType":"Vader van de bruid"},{"PersonKeyRef":"Person8628371","EventKeyRef":"Event1","RelationType":"Moeder van de bruid"},{"PersonKeyRef":"Person12073561","EventKeyRef":"Event1","RelationType":"Getuige"},{"PersonKeyRef":"Person12073571","EventKeyRef":"Event1","RelationType":"Getuige"},{"PersonKeyRef":"Person12073581","EventKeyRef":"Event1","RelationType":"Getuige"},{"PersonKeyRef":"Person12073591","EventKeyRef":"Event1","RelationType":"Getuige"}],"Source":{"SourcePlace":{"Country":"Belgi\u00eb","Place":"Leuven"},"SourceIndexDate":{"From":"1792-01-01","To":"1919-12-31"},"SourceDate":{"Year":"1812","Month":"5","Day":"20"},"SourceType":"BS Huwelijk","SourceReference":{"Place":"Leuven","InstitutionName":"Rijksarchief Belgi\u00eb (Leuven)","Collection":"Burgerlijke stand Provincie Vlaams Brabant","DocumentNumber":"3"},"SourceLastChangeDate":"2023-06-23","SourceDigitalOriginal":"https:\/\/search.arch.be\/nl\/zoeken-naar-personen\/zoekresultaat\/weergave\/akte\/id\/HUBRA_00063622_0","RecordIdentifier":"HUBRA_00063622_0","RecordGUID":"{a82e0933-3f76-d235-0454-169a2ae82a9c}","SourceRemark":[{"@Key":"Vrijwilliger","Value":"Demogen Vlaams-Brabant en Brussel (project huvlb19a)"},{"@Key":"Provenance","Value":"DemogenVlaamsBrabant19a.mdb > mdb-export > abl\/demogen\/csv2a2a.pl"}]}}