{"Person":[{"@pid":"Person1598607","PersonName":{"PersonNameFirstName":"Josse","PersonNameLastName":"Defraine"},"Gender":"Man","Residence":{"Place":"Lembeek"},"Age":{"PersonAgeYears":"41"},"Profession":"journalier"},{"@pid":"Person1598707","PersonName":{"PersonNameFirstName":"Emile Joseph","PersonNameLastName":"Havaux"},"Gender":"Man","Residence":{"Place":"Lembeek"},"Age":{"PersonAgeYears":"32"},"Profession":"surveillant"},{"@pid":"Person4671807","PersonName":{"PersonNameFirstName":"F\u00e9lix Jean Baptiste","PersonNameLastName":"Ghijsels"},"Gender":"Man","Residence":{"Place":"Malheide, Lembeek"},"Age":{"PersonAgeYears":"28"},"BirthPlace":{"Country":"Belgi\u00eb","Place":"Halle"},"Profession":"journalier","MaritalStatus":"other:gehuwd","PersonRemark":{"@Key":"Opmerking","Value":"aangever"}},{"@pid":"Person6285307","PersonName":{"PersonNameFirstName":"Marie Ad\u00e8le","PersonNameLastName":"Boschmans"},"Gender":"Vrouw","Residence":{"Place":"Lembeek"},"Age":{"PersonAgeYears":"28"},"BirthPlace":{"Country":"Belgi\u00eb","Place":"Lembeek"},"Profession":"m\u00e9nag\u00e8re","MaritalStatus":"other:gehuwd"},{"@pid":"Person8001807","PersonName":{"PersonNameFirstName":"Henri Joseph","PersonNameLastName":"Ghijsels"},"Gender":"Man","BirthDate":{"Year":"1868","Month":"7","Day":"4"},"BirthPlace":{"Country":"Belgi\u00eb","Place":"Malheijde, Lembecq"},"PersonRemark":{"@Key":"Opmerking","Value":"uur van geboorte 11:00:00,"}}],"Event":{"@eid":"Event1","EventType":"Geboorte","EventDate":{"Year":"1868","Month":"7","Day":"4"},"EventPlace":{"Country":"Belgi\u00eb","Place":"Lembeek"}},"RelationEP":[{"PersonKeyRef":"Person1598607","EventKeyRef":"Event1","RelationType":"Getuige"},{"PersonKeyRef":"Person1598707","EventKeyRef":"Event1","RelationType":"Getuige"},{"PersonKeyRef":"Person4671807","EventKeyRef":"Event1","RelationType":"Vader"},{"PersonKeyRef":"Person6285307","EventKeyRef":"Event1","RelationType":"Moeder"},{"PersonKeyRef":"Person8001807","EventKeyRef":"Event1","RelationType":"Kind"}],"Source":{"SourcePlace":{"Country":"Belgi\u00eb","Place":"Leuven"},"SourceIndexDate":{"From":"1792-01-01","To":"1919-12-31"},"SourceDate":{"Year":"1868","Month":"7","Day":"6"},"SourceType":"BS Geboorte","SourceReference":{"Place":"Leuven","InstitutionName":"Rijksarchief Belgi\u00eb (Leuven)","Collection":"Burgerlijke stand Provincie Vlaams Brabant","DocumentNumber":"60"},"SourceAvailableScans":{"Scan":{"OrderSequenceNumber":"1","UriViewer":"https:\/\/www.familysearch.org\/ark:\/61903\/3:1:9Q97-YMBZ-X9K?i=494&cc=1482191&cat=205460"}},"SourceLastChangeDate":"2023-06-23","SourceDigitalOriginal":"https:\/\/search.arch.be\/nl\/zoeken-naar-personen\/zoekresultaat\/weergave\/akte\/id\/GAVB0700028957_0","RecordIdentifier":"GAVB0700028957_0","RecordGUID":"{7cd82fca-14a9-0637-d0ab-a3915918e76b}","SourceRemark":[{"@Key":"Vrijwilliger","Value":"Demogen Vlaams-Brabant en Brussel (project gavlb7)"},{"@Key":"Provenance","Value":"DemogenGeboorteaktenVLB007.mdb > mdb-export > abl\/demogen\/csv2a2a.pl"}]}}