{"Person":[{"@pid":"Person803661","PersonName":{"PersonNameFirstName":"Pierre","PersonNameLastName":"Vincent"},"Gender":"Man","Residence":{"Place":"Leuven"},"BirthDate":{"Year":"1818","Month":"8","Day":"10"},"BirthPlace":{"Country":"Belgi\u00eb","Place":"Leuven"},"Profession":"journalier","MaritalStatus":"other:veuf"},{"@pid":"Person2398481","PersonName":{"PersonNameFirstName":"Jeanne","PersonNameLastName":"Vandenbosch"},"Gender":"Vrouw","Residence":{"Place":"Leuven"},"BirthDate":{"Year":"1827","Month":"6","Day":"24"},"BirthPlace":{"Country":"Belgi\u00eb","Place":"Bertem"},"Profession":"journali\u00e8re"},{"@pid":"Person4047141","PersonName":{"PersonNameFirstName":"Henri","PersonNameLastName":"Vincent"},"Gender":"Man","PersonRemark":[{"@Key":"deat_date","Value":"1841-06-10"},{"@Key":"deat_plac","Value":"Leuven"}]},{"@pid":"Person5695801","PersonName":{"PersonNameFirstName":"Anne Marie Elisabeth","PersonNameLastName":"Rodaer"},"Gender":"Vrouw","Residence":{"Place":"Leuven"},"BirthPlace":{"Country":"Belgi\u00eb","Place":"Bierbeek"},"Profession":"lavandi\u00e8re"},{"@pid":"Person7344461","PersonName":{"PersonNameFirstName":"Corneille","PersonNameLastName":"Vandenbosch"},"Gender":"Man","Residence":{"Place":"Bertem"},"BirthPlace":{"Country":"Belgi\u00eb","Place":"Leefdaal"},"Profession":"agriculteur"},{"@pid":"Person8993121","PersonName":{"PersonNameFirstName":"Th\u00e9r\u00e8se","PersonNameLastName":"Sterckx"},"Gender":"Vrouw","PersonRemark":[{"@Key":"deat_date","Value":"1848-03-16"},{"@Key":"deat_plac","Value":"Bertem"}]},{"@pid":"Person10035641","PersonName":{"PersonNameFirstName":"Th\u00e9r\u00e8se","PersonNameLastName":"Sergeys"},"Gender":"Vrouw","PersonRemark":[{"@Key":"Opmerking","Value":[]},{"@Key":"deat_date","Value":"1849-03-28"},{"@Key":"deat_plac","Value":"Leuven"}]},{"@pid":"Person13341721","PersonName":{"PersonNameFirstName":"Pierre","PersonNameLastName":"Vincent"},"Gender":"Man","Residence":{"Place":"Leuven"},"Age":{"PersonAgeYears":"44"},"Profession":"journalier"},{"@pid":"Person13341731","PersonName":{"PersonNameFirstName":"Fran\u00e7ois","PersonNameLastName":"Schoofs"},"Gender":"Man","Residence":{"Place":"Leuven"},"Age":{"PersonAgeYears":"40"},"Profession":"journalier"},{"@pid":"Person13341741","PersonName":{"PersonNameFirstName":"Joseph","PersonNameLastName":"Boon"},"Gender":"Man","Residence":{"Place":"Leuven"},"Age":{"PersonAgeYears":"23"},"Profession":"ouvrier ma\u00e7on"},{"@pid":"Person13341751","PersonName":{"PersonNameFirstName":"Pierre","PersonNameLastName":"Demares"},"Gender":"Man","Residence":{"Place":"Leuven"},"Age":{"PersonAgeYears":"29"},"Profession":"ouvrier tonnelier"}],"Event":{"@eid":"Event1","EventType":"Huwelijk","EventDate":{"Year":"1850","Month":"1","Day":"31"},"EventPlace":{"Country":"Belgi\u00eb","Place":"Leuven"}},"RelationEP":[{"PersonKeyRef":"Person803661","EventKeyRef":"Event1","RelationType":"Bruidegom"},{"PersonKeyRef":"Person2398481","EventKeyRef":"Event1","RelationType":"Bruid"},{"PersonKeyRef":"Person4047141","EventKeyRef":"Event1","RelationType":"Vader van de bruidegom"},{"PersonKeyRef":"Person5695801","EventKeyRef":"Event1","RelationType":"Moeder van de bruidegom"},{"PersonKeyRef":"Person7344461","EventKeyRef":"Event1","RelationType":"Vader van de bruid"},{"PersonKeyRef":"Person8993121","EventKeyRef":"Event1","RelationType":"Moeder van de bruid"},{"PersonKeyRef":"Person10035641","EventKeyRef":"Event1","RelationType":"other:Vorige partner bruidegom"},{"PersonKeyRef":"Person13341721","EventKeyRef":"Event1","RelationType":"Getuige"},{"PersonKeyRef":"Person13341731","EventKeyRef":"Event1","RelationType":"Getuige"},{"PersonKeyRef":"Person13341741","EventKeyRef":"Event1","RelationType":"Getuige"},{"PersonKeyRef":"Person13341751","EventKeyRef":"Event1","RelationType":"Getuige"}],"Source":{"SourcePlace":{"Country":"Belgi\u00eb","Place":"Leuven"},"SourceIndexDate":{"From":"1792-01-01","To":"1919-12-31"},"SourceDate":{"Year":"1850","Month":"1","Day":"31"},"SourceType":"BS Huwelijk","SourceReference":{"Place":"Leuven","InstitutionName":"Rijksarchief Belgi\u00eb (Leuven)","Collection":"Burgerlijke stand Provincie Vlaams Brabant","DocumentNumber":"16"},"SourceAvailableScans":{"Scan":{"OrderSequenceNumber":"1","UriViewer":"https:\/\/www.familysearch.org\/ark:\/61903\/3:1:9398-HC9V-BY?i=126&cc=1482191&cat=205581"}},"SourceLastChangeDate":"2023-06-23","SourceDigitalOriginal":"https:\/\/search.arch.be\/nl\/zoeken-naar-personen\/zoekresultaat\/weergave\/akte\/id\/HUBRA_00143650_0","RecordIdentifier":"HUBRA_00143650_0","RecordGUID":"{72ab3bb7-19fb-c4e4-12ba-e1774765e4e7}","SourceRemark":[{"@Key":"Vrijwilliger","Value":"Demogen Vlaams-Brabant en Brussel (project huvlb19a)"},{"@Key":"Provenance","Value":"DemogenVlaamsBrabant19a.mdb > mdb-export > abl\/demogen\/csv2a2a.pl"}]}}