{"Person":[{"@pid":"Person789171","PersonName":{"PersonNameFirstName":"Jean Bellarmin","PersonNameLastName":"Maris"},"Gender":"Man","Residence":{"Place":"Deinze, arr. Gent"},"BirthDate":{"Year":"1816","Month":"5","Day":"27"},"BirthPlace":{"Country":"Belgi\u00eb","Place":"Lokeren, arr. Dendermonde"},"Profession":"journalier","PersonRemark":{"@Key":"Opmerking","Value":"Domicili\u00e9 avant d'entrer au service et en dernier lieu \u00e0 Deynze, arr. de Gand, demeurant \u00e0 Louvain."}},{"@pid":"Person3200821","PersonName":{"PersonNameFirstName":"Lucie","PersonNameLastName":"Zeeuws"},"Gender":"Vrouw","Residence":{"Place":"Leuven"},"BirthDate":{"Year":"1817","Month":"3","Day":"17"},"BirthPlace":{"Country":"Belgi\u00eb","Place":"Vorst, arr. Turnhout"},"Profession":"lavandi\u00e8re"},{"@pid":"Person4849481","PersonName":{"PersonNameFirstName":"Denis","PersonNameLastName":"Maris"},"Gender":"Man","PersonRemark":[{"@Key":"deat_date","Value":"1836-12-08"},{"@Key":"deat_plac","Value":"Deinze"}]},{"@pid":"Person6498141","PersonName":{"PersonNameFirstName":"Anne","PersonNameLastName":"Bisack"},"Gender":"Vrouw","Residence":{"Place":"Gent"},"BirthPlace":{"Country":"Belgi\u00eb","Place":"Deinze"},"Profession":"journali\u00e8re"},{"@pid":"Person8146801","PersonName":{"PersonNameFirstName":"Pierre","PersonNameLastName":"Zeeuws"},"Gender":"Man","PersonRemark":[{"@Key":"deat_date","Value":"1831-03-27"},{"@Key":"deat_plac","Value":"Vorst"}]},{"@pid":"Person9795461","PersonName":{"PersonNameFirstName":"Anne Marie","PersonNameLastName":"Ceusters"},"Gender":"Vrouw","PersonRemark":[{"@Key":"deat_date","Value":"1838-01-20"},{"@Key":"deat_plac","Value":"Vorst"}]},{"@pid":"Person16379901","PersonName":{"PersonNameFirstName":"Lambert","PersonNameLastName":"Devriendt"},"Gender":"Man","Residence":{"Place":"Leuven"},"Age":{"PersonAgeYears":"38"},"Profession":"ouvrier tailleur"},{"@pid":"Person16379911","PersonName":{"PersonNameFirstName":"Jean Fran\u00e7ois","PersonNameLastName":"Cuyl"},"Gender":"Man","Residence":{"Place":"Leuven"},"Age":{"PersonAgeYears":"33"},"Profession":"barbier"},{"@pid":"Person16379921","PersonName":{"PersonNameFirstName":"Josse","PersonNameLastName":"Godts"},"Gender":"Man","Residence":{"Place":"Leuven"},"Age":{"PersonAgeYears":"27"},"Profession":"ouvrier du canal"},{"@pid":"Person16379931","PersonName":{"PersonNameFirstName":"Edouard","PersonNameLastName":"Desmet"},"Gender":"Man","Residence":{"Place":"Leuven"},"Age":{"PersonAgeYears":"25"},"Profession":"sergent au 5i\u00e8me Bataillon du R\u00e9giment d'Elite"}],"Event":{"@eid":"Event1","EventType":"Huwelijk","EventDate":{"Year":"1844","Month":"10","Day":"26"},"EventPlace":{"Country":"Belgi\u00eb","Place":"Leuven"}},"RelationEP":[{"PersonKeyRef":"Person789171","EventKeyRef":"Event1","RelationType":"Bruidegom"},{"PersonKeyRef":"Person3200821","EventKeyRef":"Event1","RelationType":"Bruid"},{"PersonKeyRef":"Person4849481","EventKeyRef":"Event1","RelationType":"Vader van de bruidegom"},{"PersonKeyRef":"Person6498141","EventKeyRef":"Event1","RelationType":"Moeder van de bruidegom"},{"PersonKeyRef":"Person8146801","EventKeyRef":"Event1","RelationType":"Vader van de bruid"},{"PersonKeyRef":"Person9795461","EventKeyRef":"Event1","RelationType":"Moeder van de bruid"},{"PersonKeyRef":"Person16379901","EventKeyRef":"Event1","RelationType":"Getuige"},{"PersonKeyRef":"Person16379911","EventKeyRef":"Event1","RelationType":"Getuige"},{"PersonKeyRef":"Person16379921","EventKeyRef":"Event1","RelationType":"Getuige"},{"PersonKeyRef":"Person16379931","EventKeyRef":"Event1","RelationType":"Getuige"}],"Source":{"SourcePlace":{"Country":"Belgi\u00eb","Place":"Leuven"},"SourceIndexDate":{"From":"1792-01-01","To":"1919-12-31"},"SourceDate":{"Year":"1844","Month":"10","Day":"26"},"SourceType":"BS Huwelijk","SourceReference":{"Place":"Leuven","InstitutionName":"Rijksarchief Belgi\u00eb (Leuven)","Collection":"Burgerlijke stand Provincie Vlaams Brabant","DocumentNumber":"189"},"SourceAvailableScans":{"Scan":{"OrderSequenceNumber":"1","UriViewer":"https:\/\/www.familysearch.org\/ark:\/61903\/3:1:9398-HC92-N5?i=112&cc=1482191&cat=205581"}},"SourceLastChangeDate":"2023-06-23","SourceDigitalOriginal":"https:\/\/search.arch.be\/nl\/zoeken-naar-personen\/zoekresultaat\/weergave\/akte\/id\/HUBRA_00315100_0","RecordIdentifier":"HUBRA_00315100_0","RecordGUID":"{7241d378-87c8-5f0a-2f12-f8aef6dafd31}","SourceRemark":[{"@Key":"Vrijwilliger","Value":"Demogen Vlaams-Brabant en Brussel (project huvlb19a)"},{"@Key":"Provenance","Value":"DemogenVlaamsBrabant19a.mdb > mdb-export > abl\/demogen\/csv2a2a.pl"}]}}