{"Person":[{"@pid":"Person18981911","PersonName":{"PersonNameFirstName":"Adolphe","PersonNameLastName":"Demol"},"Gender":"Man","Residence":{"Place":"Halle"},"Age":{"PersonAgeYears":"34"},"Profession":"n\u00e9gociant","PersonRemark":{"@Key":"Opmerking","Value":"n\u00e9 \u00e0 Lembecq"}},{"@pid":"Person18982011","PersonName":{"PersonNameFirstName":"Joseph","PersonNameLastName":"Frison"},"Gender":"Man","Residence":{"Place":"Halle"},"Age":{"PersonAgeYears":"36"},"Profession":"boucher","PersonRemark":{"@Key":"Opmerking","Value":"n\u00e9 \u00e0 Hal"}},{"@pid":"Person19990111","PersonName":{"PersonNameFirstName":"Jacques","PersonNameLastName":"Demeuter"},"Gender":"Man","Residence":{"Place":"Halle"},"Age":{"PersonAgeYears":"30"},"BirthPlace":{"Country":"Belgi\u00eb","Place":"Halle"},"Profession":"ouvrier brasseur","MaritalStatus":"other:gehuwd","PersonRemark":{"@Key":"Opmerking","Value":"aangever"}},{"@pid":"Person20828911","PersonName":{"PersonNameFirstName":"Marie Th\u00e9r\u00e8se","PersonNameLastName":"Pierreux"},"Gender":"Vrouw","Age":{"PersonAgeYears":"29"},"BirthPlace":{"Country":"Belgi\u00eb","Place":"Lembeek"},"Profession":"menag\u00e8re","MaritalStatus":"other:gehuwd"},{"@pid":"Person21699711","PersonName":{"PersonNameFirstName":"Pierre","PersonNameLastName":"Demeuter"},"Gender":"Man","BirthDate":{"Year":"1901","Month":"4","Day":"28"},"BirthPlace":{"Country":"Belgi\u00eb","Place":"Hal, rue de Mons"},"PersonRemark":{"@Key":"Opmerking","Value":"uur van geboorte 9:00:00,"}}],"Event":{"@eid":"Event1","EventType":"Geboorte","EventDate":{"Year":"1901","Month":"4","Day":"28"},"EventPlace":{"Country":"Belgi\u00eb","Place":"Halle"}},"RelationEP":[{"PersonKeyRef":"Person18981911","EventKeyRef":"Event1","RelationType":"Getuige"},{"PersonKeyRef":"Person18982011","EventKeyRef":"Event1","RelationType":"Getuige"},{"PersonKeyRef":"Person19990111","EventKeyRef":"Event1","RelationType":"Vader"},{"PersonKeyRef":"Person20828911","EventKeyRef":"Event1","RelationType":"Moeder"},{"PersonKeyRef":"Person21699711","EventKeyRef":"Event1","RelationType":"Kind"}],"Source":{"SourcePlace":{"Country":"Belgi\u00eb","Place":"Leuven"},"SourceIndexDate":{"From":"1792-01-01","To":"1919-12-31"},"SourceDate":{"Year":"1901","Month":"4","Day":"29"},"SourceType":"BS Geboorte","SourceReference":{"Place":"Leuven","InstitutionName":"Rijksarchief Belgi\u00eb (Leuven)","Collection":"Burgerlijke stand Provincie Vlaams Brabant","DocumentNumber":"159"},"SourceLastChangeDate":"2023-06-23","SourceDigitalOriginal":"https:\/\/search.arch.be\/nl\/zoeken-naar-personen\/zoekresultaat\/weergave\/akte\/id\/AVB01100285087_0","RecordIdentifier":"AVB01100285087_0","RecordGUID":"{718fdda2-02b7-9edc-0430-28f43c75437b}","SourceRemark":[{"@Key":"Vrijwilliger","Value":"Demogen Vlaams-Brabant en Brussel (project gavlb11)"},{"@Key":"Provenance","Value":"DemogenGeboorteaktenVLB011.mdb > mdb-export > abl\/demogen\/csv2a2a.pl"}]}}