{"Person":[{"@pid":"Person14744911","PersonName":{"PersonNameFirstName":"Bernard","PersonNameLastName":"Duynslaeger"},"Gender":"Man","Residence":{"Place":"Tienen"},"Age":{"PersonAgeYears":"60"},"Profession":"messager"},{"@pid":"Person14745011","PersonName":{"PersonNameFirstName":"Joseph","PersonNameLastName":"Schepers"},"Gender":"Man","Residence":{"Place":"Tienen"},"Age":{"PersonAgeYears":"34"},"Profession":"sans profession"},{"@pid":"Person16058411","PersonName":{"PersonNameFirstName":"Victor","PersonNameLastName":"Dokens"},"Gender":"Man","Residence":{"Place":"Tienen"},"Age":{"PersonAgeYears":"32"},"BirthPlace":{"Country":"Belgi\u00eb","Place":"Neerheylissem"},"Profession":"serre frein","MaritalStatus":"other:gehuwd","PersonRemark":{"@Key":"Opmerking","Value":"aangever"}},{"@pid":"Person16737211","PersonName":{"PersonNameFirstName":"Marie Eug\u00e9nie","PersonNameLastName":"Kinart"},"Gender":"Vrouw","Residence":{"Place":"Tienen"},"Age":{"PersonAgeYears":"29"},"BirthPlace":{"Country":"Belgi\u00eb","Place":"Neerheylissem"},"Profession":"m\u00e9nag\u00e8re","MaritalStatus":"other:gehuwd"},{"@pid":"Person17455011","PersonName":{"PersonNameFirstName":"Joseph Th\u00e9ophile","PersonNameLastName":"Dokens"},"Gender":"Man","BirthDate":{"Year":"1902","Month":"3","Day":"18"},"BirthPlace":{"Country":"Belgi\u00eb","Place":"Tirlemont"},"PersonRemark":{"@Key":"Opmerking","Value":"uur van geboorte 3:00:00,"}}],"Event":{"@eid":"Event1","EventType":"Geboorte","EventDate":{"Year":"1902","Month":"3","Day":"18"},"EventPlace":{"Country":"Belgi\u00eb","Place":"Tienen"}},"RelationEP":[{"PersonKeyRef":"Person14744911","EventKeyRef":"Event1","RelationType":"Getuige"},{"PersonKeyRef":"Person14745011","EventKeyRef":"Event1","RelationType":"Getuige"},{"PersonKeyRef":"Person16058411","EventKeyRef":"Event1","RelationType":"Vader"},{"PersonKeyRef":"Person16737211","EventKeyRef":"Event1","RelationType":"Moeder"},{"PersonKeyRef":"Person17455011","EventKeyRef":"Event1","RelationType":"Kind"}],"Source":{"SourcePlace":{"Country":"Belgi\u00eb","Place":"Leuven"},"SourceIndexDate":{"From":"1792-01-01","To":"1919-12-31"},"SourceDate":{"Year":"1902","Month":"3","Day":"19"},"SourceType":"BS Geboorte","SourceReference":{"Place":"Leuven","InstitutionName":"Rijksarchief Belgi\u00eb (Leuven)","Collection":"Burgerlijke stand Provincie Vlaams Brabant","DocumentNumber":"112"},"SourceLastChangeDate":"2023-06-23","SourceDigitalOriginal":"https:\/\/search.arch.be\/nl\/zoeken-naar-personen\/zoekresultaat\/weergave\/akte\/id\/AVB01100261115_0","RecordIdentifier":"AVB01100261115_0","RecordGUID":"{6c88b236-7d16-5faf-6740-13eb0b7c889a}","SourceRemark":[{"@Key":"Opmerking","Value":"par jugement du tribunal de 1\u00e8 instance de Louvain dd. 22 octobre 1924 l'acte de naissance a \u00e9t\u00e9 rectifi\u00e9 en ce sens que le nom Dockens a \u00e9t\u00e9 remplac\u00e9 par celui de Dokens;"},{"@Key":"Vrijwilliger","Value":"Demogen Vlaams-Brabant en Brussel (project gavlb11)"},{"@Key":"Provenance","Value":"DemogenGeboorteaktenVLB011.mdb > mdb-export > abl\/demogen\/csv2a2a.pl"}]}}