{"Person":[{"@pid":"Person2799810","PersonName":{"PersonNameFirstName":"Charles","PersonNameLastName":"Debusscher"},"Gender":"Man","Residence":{"Place":"Lembeek"},"Age":{"PersonAgeYears":"27"},"Profession":"fermier"},{"@pid":"Person2799910","PersonName":{"PersonNameFirstName":"Pierre","PersonNameLastName":"Meert"},"Gender":"Man","Residence":{"Place":"Forest"},"Age":{"PersonAgeYears":"23"},"Profession":"employ\u00e9"},{"@pid":"Person4163810","PersonName":{"PersonNameFirstName":"Jules Philippe D\u00e9sir\u00e9","PersonNameLastName":"Vancutsem"},"Gender":"Man","Residence":{"Place":"Lembeek"},"Age":{"PersonAgeYears":"46"},"BirthPlace":{"Country":"Belgi\u00eb","Place":"Clabecq"},"Profession":"cultivateur","MaritalStatus":"other:gehuwd","PersonRemark":{"@Key":"Opmerking","Value":"aangever"}},{"@pid":"Person4921310","PersonName":{"PersonNameFirstName":"Ad\u00e8le Louise","PersonNameLastName":"Debusscher"},"Gender":"Vrouw","Residence":{"Place":"Lembeek"},"Age":{"PersonAgeYears":"36"},"BirthPlace":{"Country":"Belgi\u00eb","Place":"Lembeek"},"Profession":"fermi\u00e8re","MaritalStatus":"other:gehuwd"},{"@pid":"Person5717010","PersonName":{"PersonNameFirstName":"Marie Julie","PersonNameLastName":"Vancutsem"},"Gender":"Vrouw","BirthDate":{"Year":"1891","Month":"1","Day":"21"},"BirthPlace":{"Country":"Belgi\u00eb","Place":"Lembecq, chauss\u00e9e de Mons 115"},"PersonRemark":{"@Key":"Opmerking","Value":"uur van geboorte 5:00:00,"}}],"Event":{"@eid":"Event1","EventType":"Geboorte","EventDate":{"Year":"1891","Month":"1","Day":"21"},"EventPlace":{"Country":"Belgi\u00eb","Place":"Lembeek"}},"RelationEP":[{"PersonKeyRef":"Person2799810","EventKeyRef":"Event1","RelationType":"Getuige"},{"PersonKeyRef":"Person2799910","EventKeyRef":"Event1","RelationType":"Getuige"},{"PersonKeyRef":"Person4163810","EventKeyRef":"Event1","RelationType":"Vader"},{"PersonKeyRef":"Person4921310","EventKeyRef":"Event1","RelationType":"Moeder"},{"PersonKeyRef":"Person5717010","EventKeyRef":"Event1","RelationType":"Kind"}],"Source":{"SourcePlace":{"Country":"Belgi\u00eb","Place":"Leuven"},"SourceIndexDate":{"From":"1792-01-01","To":"1919-12-31"},"SourceDate":{"Year":"1891","Month":"1","Day":"22"},"SourceType":"BS Geboorte","SourceReference":{"Place":"Leuven","InstitutionName":"Rijksarchief Belgi\u00eb (Leuven)","Collection":"Burgerlijke stand Provincie Vlaams Brabant","DocumentNumber":"11"},"SourceAvailableScans":{"Scan":{"OrderSequenceNumber":"1","UriViewer":"https:\/\/www.familysearch.org\/ark:\/61903\/3:1:939N-W8SW-3M?i=383&cc=1482191&cat=205146"}},"SourceLastChangeDate":"2023-06-23","SourceDigitalOriginal":"https:\/\/search.arch.be\/nl\/zoeken-naar-personen\/zoekresultaat\/weergave\/akte\/id\/AVB01000088742_0","RecordIdentifier":"AVB01000088742_0","RecordGUID":"{639c9132-013e-5d74-581e-14bdbbb0bbcd}","SourceRemark":[{"@Key":"Vrijwilliger","Value":"Demogen Vlaams-Brabant en Brussel (project gavlb10)"},{"@Key":"Provenance","Value":"DemogenGeboorteaktenVLB010.mdb > mdb-export > abl\/demogen\/csv2a2a.pl"}]}}