{"Person":[{"@pid":"Person6780110","PersonName":{"PersonNameFirstName":"Felix","PersonNameLastName":"Brichaux"},"Gender":"Man","Residence":{"Place":"Lembeek"},"Age":{"PersonAgeYears":"62"},"Profession":"menuisier"},{"@pid":"Person6780210","PersonName":{"PersonNameFirstName":"L\u00e9opold","PersonNameLastName":"Brichaux"},"Gender":"Man","Residence":{"Place":"Lembeek"},"Age":{"PersonAgeYears":"28"},"Profession":"menuisier"},{"@pid":"Person7958110","PersonName":{"PersonNameFirstName":"Auguste Felix","PersonNameLastName":"Magnus"},"Gender":"Man","Residence":{"Place":"Lembeek"},"Age":{"PersonAgeYears":"22"},"BirthPlace":{"Country":"Belgi\u00eb","Place":"Lembeek"},"Profession":"ouvrier d'usine","MaritalStatus":"other:ongehuwd","PersonRemark":{"@Key":"Opmerking","Value":"aangever"}},{"@pid":"Person8609610","PersonName":{"PersonNameFirstName":"Philippine","PersonNameLastName":"Debast"},"Gender":"Vrouw","Residence":{"Place":"Lembeek"},"Age":{"PersonAgeYears":"18"},"BirthPlace":{"Country":"Belgi\u00eb","Place":"Halle"},"Profession":"m\u00e9nag\u00e8re","MaritalStatus":"other:ongehuwd"},{"@pid":"Person9288010","PersonName":{"PersonNameFirstName":"Joseph","PersonNameLastName":"Magnus"},"Gender":"Man","BirthDate":{"Year":"1898","Month":"11","Day":"28"},"BirthPlace":{"Country":"Belgi\u00eb","Place":"Lembecq"},"PersonRemark":{"@Key":"Opmerking","Value":"uur van geboorte 1:00:00,"}}],"Event":{"@eid":"Event1","EventType":"Geboorte","EventDate":{"Year":"1898","Month":"11","Day":"28"},"EventPlace":{"Country":"Belgi\u00eb","Place":"Lembeek"}},"RelationEP":[{"PersonKeyRef":"Person6780110","EventKeyRef":"Event1","RelationType":"Getuige"},{"PersonKeyRef":"Person6780210","EventKeyRef":"Event1","RelationType":"Getuige"},{"PersonKeyRef":"Person7958110","EventKeyRef":"Event1","RelationType":"Vader"},{"PersonKeyRef":"Person8609610","EventKeyRef":"Event1","RelationType":"Moeder"},{"PersonKeyRef":"Person9288010","EventKeyRef":"Event1","RelationType":"Kind"}],"Source":{"SourcePlace":{"Country":"Belgi\u00eb","Place":"Leuven"},"SourceIndexDate":{"From":"1792-01-01","To":"1919-12-31"},"SourceDate":{"Year":"1900","Month":"3","Day":"25"},"SourceType":"BS Geboorte","SourceReference":{"Place":"Leuven","InstitutionName":"Rijksarchief Belgi\u00eb (Leuven)","Collection":"Burgerlijke stand Provincie Vlaams Brabant","DocumentNumber":"50"},"SourceLastChangeDate":"2023-06-23","SourceDigitalOriginal":"https:\/\/search.arch.be\/nl\/zoeken-naar-personen\/zoekresultaat\/weergave\/akte\/id\/AVB01000122583_0","RecordIdentifier":"AVB01000122583_0","RecordGUID":"{5a579f51-93a9-a10e-50fe-bdbf69f837f9}","SourceRemark":[{"@Key":"Opmerking","Value":"a \u00e9t\u00e9 inscrit sur les registres de l'\u00e9tat civil de Lembecq le 28\/11\/1898 sous le n\u00b0168 akte van erkenning"},{"@Key":"Vrijwilliger","Value":"Demogen Vlaams-Brabant en Brussel (project gavlb10)"},{"@Key":"Provenance","Value":"DemogenGeboorteaktenVLB010.mdb > mdb-export > abl\/demogen\/csv2a2a.pl"}]}}