{"Person":[{"@pid":"Person113281","PersonName":{"PersonNameFirstName":"Ghilin","PersonNameLastName":"Carlier"},"Gender":"Man","Residence":{"Place":"Acren"},"Age":{"PersonAgeYears":"32"},"BirthPlace":{"Country":"Belgi\u00eb","Place":"Saint-G\u00e9r\u00e9on"},"Profession":"cultivateur"},{"@pid":"Person3185531","PersonName":{"PersonNameFirstName":"Marie Joseph","PersonNameLastName":"De Vits"},"Gender":"Vrouw","Residence":{"Place":"Bever Bi\u00e9v\u00e8ne"},"Age":{"PersonAgeYears":"37"},"BirthPlace":{"Country":"Belgi\u00eb","Place":"Bever Bi\u00e9v\u00e8ne"}},{"@pid":"Person4834191","PersonName":{"PersonNameFirstName":"Adrien","PersonNameLastName":"Carlier"},"Gender":"Man","Residence":{"Place":"Acren-Saint-G\u00e9r\u00e9on"}},{"@pid":"Person6482851","PersonName":{"PersonNameFirstName":"Marie Jeanne","PersonNameLastName":"Anseau"},"Gender":"Vrouw"},{"@pid":"Person8131511","PersonName":{"PersonNameFirstName":"Guillaume","PersonNameLastName":"De Vits"},"Gender":"Man","Residence":{"Place":"Bever Bi\u00e9v\u00e8ne"}},{"@pid":"Person9780171","PersonName":{"PersonNameFirstName":"Susanne","PersonNameLastName":"Cottils"},"Gender":"Vrouw"},{"@pid":"Person16328721","PersonName":{"PersonNameFirstName":"Simon","PersonNameLastName":"De Meulder"},"Gender":"Man","Residence":{"Place":"Bever Bi\u00e9v\u00e8ne"},"Age":{"PersonAgeYears":"49"},"Profession":"cultivateur"},{"@pid":"Person16328731","PersonName":{"PersonNameFirstName":"Pierre Joseph","PersonNameLastName":"Vanhove"},"Gender":"Man","Residence":{"Place":"Bever Bi\u00e9v\u00e8ne"},"Age":{"PersonAgeYears":"43"},"Profession":"cultivateur"},{"@pid":"Person16328741","PersonName":{"PersonNameFirstName":"Charles","PersonNameLastName":"Lemies"},"Gender":"Man","Residence":{"Place":"Bever Bi\u00e9v\u00e8ne"},"Age":{"PersonAgeYears":"33"},"Profession":"cultivateur"},{"@pid":"Person16328751","PersonName":{"PersonNameFirstName":"Josse","PersonNameLastName":"Basselique"},"Gender":"Man","Residence":{"Place":"Bever Bi\u00e9v\u00e8ne"},"Age":{"PersonAgeYears":"33"},"Profession":"cultivateur"}],"Event":{"@eid":"Event1","EventType":"Huwelijk","EventDate":{"Year":"1802","Month":"12","Day":"23"},"EventPlace":{"Country":"Belgi\u00eb","Place":"Bever"}},"RelationEP":[{"PersonKeyRef":"Person113281","EventKeyRef":"Event1","RelationType":"Bruidegom"},{"PersonKeyRef":"Person3185531","EventKeyRef":"Event1","RelationType":"Bruid"},{"PersonKeyRef":"Person4834191","EventKeyRef":"Event1","RelationType":"Vader van de bruidegom"},{"PersonKeyRef":"Person6482851","EventKeyRef":"Event1","RelationType":"Moeder van de bruidegom"},{"PersonKeyRef":"Person8131511","EventKeyRef":"Event1","RelationType":"Vader van de bruid"},{"PersonKeyRef":"Person9780171","EventKeyRef":"Event1","RelationType":"Moeder van de bruid"},{"PersonKeyRef":"Person16328721","EventKeyRef":"Event1","RelationType":"Getuige"},{"PersonKeyRef":"Person16328731","EventKeyRef":"Event1","RelationType":"Getuige"},{"PersonKeyRef":"Person16328741","EventKeyRef":"Event1","RelationType":"Getuige"},{"PersonKeyRef":"Person16328751","EventKeyRef":"Event1","RelationType":"Getuige"}],"Source":{"SourcePlace":{"Country":"Belgi\u00eb","Place":"Leuven"},"SourceIndexDate":{"From":"1792-01-01","To":"1919-12-31"},"SourceDate":{"Year":"1802","Month":"12","Day":"23"},"SourceType":"BS Huwelijk","SourceReference":{"Place":"Leuven","InstitutionName":"Rijksarchief Belgi\u00eb (Leuven)","Collection":"Burgerlijke stand Provincie Vlaams Brabant","DocumentNumber":"8"},"SourceLastChangeDate":"2023-06-23","SourceDigitalOriginal":"https:\/\/search.arch.be\/nl\/zoeken-naar-personen\/zoekresultaat\/weergave\/akte\/id\/HUBRA_00311467_0","RecordIdentifier":"HUBRA_00311467_0","RecordGUID":"{52eba260-9074-c5a3-c31c-44fb11ed41fd}","SourceRemark":[{"@Key":"Vrijwilliger","Value":"Demogen Vlaams-Brabant en Brussel (project huvlb19a)"},{"@Key":"Provenance","Value":"DemogenVlaamsBrabant19a.mdb > mdb-export > abl\/demogen\/csv2a2a.pl"}]}}