{"Person":[{"@pid":"Person722261","PersonName":{"PersonNameFirstName":"Jean Baptiste","PersonNameLastName":"Van Laer"},"Gender":"Man","Residence":{"Place":"Leuven"},"Age":{"PersonAgeYears":"29"},"BirthDate":{"Year":"1778","Month":"12","Day":"23"},"BirthPlace":{"Country":"Belgi\u00eb","Place":"Leuven"},"Profession":"menuisier"},{"@pid":"Person2150221","PersonName":{"PersonNameFirstName":"Marie Th\u00e9r\u00e8se","PersonNameLastName":"Postyns"},"Gender":"Vrouw","Residence":{"Place":"Leuven"},"Age":{"PersonAgeYears":"23"},"BirthDate":{"Year":"1784","Month":"1","Day":"8"},"BirthPlace":{"Country":"Belgi\u00eb","Place":"Leuven"},"Profession":"particuli\u00e8re"},{"@pid":"Person3798881","PersonName":{"PersonNameFirstName":"Jean Baptiste","PersonNameLastName":"Van Laer"},"Gender":"Man","Residence":{"Place":"Leuven"}},{"@pid":"Person5447541","PersonName":{"PersonNameFirstName":"Marie","PersonNameLastName":"Goeskens"},"Gender":"Vrouw","Residence":{"Place":"Leuven"},"Age":{"PersonAgeYears":"72"},"BirthPlace":{"Country":"Belgi\u00eb","Place":"Humbeek"},"Profession":"tricoteuse"},{"@pid":"Person7096201","PersonName":{"PersonNameFirstName":"Mathieu","PersonNameLastName":"Postyns"},"Gender":"Man","Residence":{"Place":"Leuven"},"Age":{"PersonAgeYears":"42"},"BirthPlace":{"Country":"Belgi\u00eb","Place":"Leuven"},"Profession":"poissonnier"},{"@pid":"Person8744861","PersonName":{"PersonNameFirstName":"Agn\u00e8s","PersonNameLastName":"Coetermans"},"Gender":"Vrouw","Residence":{"Place":"Leuven"},"Age":{"PersonAgeYears":"43"},"BirthPlace":{"Country":"Belgi\u00eb","Place":"Leuven"}},{"@pid":"Person12451441","PersonName":{"PersonNameFirstName":"Louis","PersonNameLastName":"Postyns"},"Gender":"Man","Residence":{"Place":"Leuven"},"Profession":"particulier"},{"@pid":"Person12451451","PersonName":{"PersonNameFirstName":"Jean Philippe","PersonNameLastName":"Deneef"},"Gender":"Man","Residence":{"Place":"Leuven"},"Profession":"jardinier"},{"@pid":"Person12451461","PersonName":{"PersonNameFirstName":"Guillaume","PersonNameLastName":"Pardon"},"Gender":"Man","Residence":{"Place":"Leuven"},"Profession":"tailleur"},{"@pid":"Person12451471","PersonName":{"PersonNameFirstName":"Jean Baptiste","PersonNameLastName":"Deraymackers"},"Gender":"Man","Residence":{"Place":"Leuven"},"Profession":"journalier"}],"Event":{"@eid":"Event1","EventType":"Huwelijk","EventDate":{"Year":"1807","Month":"8","Day":"26"},"EventPlace":{"Country":"Belgi\u00eb","Place":"Leuven"}},"RelationEP":[{"PersonKeyRef":"Person722261","EventKeyRef":"Event1","RelationType":"Bruidegom"},{"PersonKeyRef":"Person2150221","EventKeyRef":"Event1","RelationType":"Bruid"},{"PersonKeyRef":"Person3798881","EventKeyRef":"Event1","RelationType":"Vader van de bruidegom"},{"PersonKeyRef":"Person5447541","EventKeyRef":"Event1","RelationType":"Moeder van de bruidegom"},{"PersonKeyRef":"Person7096201","EventKeyRef":"Event1","RelationType":"Vader van de bruid"},{"PersonKeyRef":"Person8744861","EventKeyRef":"Event1","RelationType":"Moeder van de bruid"},{"PersonKeyRef":"Person12451441","EventKeyRef":"Event1","RelationType":"Getuige"},{"PersonKeyRef":"Person12451451","EventKeyRef":"Event1","RelationType":"Getuige"},{"PersonKeyRef":"Person12451461","EventKeyRef":"Event1","RelationType":"Getuige"},{"PersonKeyRef":"Person12451471","EventKeyRef":"Event1","RelationType":"Getuige"}],"Source":{"SourcePlace":{"Country":"Belgi\u00eb","Place":"Leuven"},"SourceIndexDate":{"From":"1792-01-01","To":"1919-12-31"},"SourceDate":{"Year":"1807","Month":"8","Day":"26"},"SourceType":"BS Huwelijk","SourceReference":{"Place":"Leuven","InstitutionName":"Rijksarchief Belgi\u00eb (Leuven)","Collection":"Burgerlijke stand Provincie Vlaams Brabant","DocumentNumber":"101"},"SourceAvailableScans":{"Scan":{"OrderSequenceNumber":"1","UriViewer":"https:\/\/www.familysearch.org\/ark:\/61903\/3:1:9398-HZNQ?i=389&cc=1482191&cat=205581"}},"SourceLastChangeDate":"2023-06-23","SourceDigitalOriginal":"https:\/\/search.arch.be\/nl\/zoeken-naar-personen\/zoekresultaat\/weergave\/akte\/id\/HUBRA_00087027_0","RecordIdentifier":"HUBRA_00087027_0","RecordGUID":"{497c7954-e8e7-112d-7380-57e8e257aacb}","SourceRemark":[{"@Key":"Vrijwilliger","Value":"Demogen Vlaams-Brabant en Brussel (project huvlb19a)"},{"@Key":"Provenance","Value":"DemogenVlaamsBrabant19a.mdb > mdb-export > abl\/demogen\/csv2a2a.pl"}]}}