{"Person":[{"@pid":"Person505509","PersonName":{"PersonNameFirstName":"Philippe","PersonNameLastName":"Fonteyne"},"Gender":"Man","Residence":{"Place":"Heverlee"},"Age":{"PersonAgeYears":"70"},"Profession":"militaire pensionn\u00e9"},{"@pid":"Person505609","PersonName":{"PersonNameFirstName":"Pierre Jean","PersonNameLastName":"Leaerts"},"Gender":"Man","Residence":{"Place":"Heverlee"},"Age":{"PersonAgeYears":"23"},"Profession":"cordonnier"},{"@pid":"Person2533709","PersonName":{"PersonNameFirstName":"Fran\u00e7ois","PersonNameLastName":"Goossens"},"Gender":"Man","Residence":{"Place":"Heverlee"},"Age":{"PersonAgeYears":"33"},"BirthPlace":{"Country":"Belgi\u00eb","Place":"Leuven"},"Profession":"forgeron","MaritalStatus":"other:gehuwd","PersonRemark":{"@Key":"Opmerking","Value":"aangever"}},{"@pid":"Person3520109","PersonName":{"PersonNameFirstName":"Elisabeth","PersonNameLastName":"Devan"},"Gender":"Vrouw","Age":{"PersonAgeYears":"31"},"BirthPlace":{"Country":"Belgi\u00eb","Place":"Oud-Heverlee"},"Profession":"m\u00e9nag\u00e8re","MaritalStatus":"other:gehuwd"},{"@pid":"Person4567409","PersonName":{"PersonNameFirstName":"Joseph","PersonNameLastName":"Goossens"},"Gender":"Man","BirthDate":{"Year":"1888","Month":"9","Day":"28"},"BirthPlace":{"Country":"Belgi\u00eb","Place":"H\u00e9verl\u00e9"},"PersonRemark":{"@Key":"Opmerking","Value":"uur van geboorte 23:00:00,"}}],"Event":{"@eid":"Event1","EventType":"Geboorte","EventDate":{"Year":"1888","Month":"9","Day":"28"},"EventPlace":{"Country":"Belgi\u00eb","Place":"Heverlee"}},"RelationEP":[{"PersonKeyRef":"Person505509","EventKeyRef":"Event1","RelationType":"Getuige"},{"PersonKeyRef":"Person505609","EventKeyRef":"Event1","RelationType":"Getuige"},{"PersonKeyRef":"Person2533709","EventKeyRef":"Event1","RelationType":"Vader"},{"PersonKeyRef":"Person3520109","EventKeyRef":"Event1","RelationType":"Moeder"},{"PersonKeyRef":"Person4567409","EventKeyRef":"Event1","RelationType":"Kind"}],"Source":{"SourcePlace":{"Country":"Belgi\u00eb","Place":"Leuven"},"SourceIndexDate":{"From":"1792-01-01","To":"1919-12-31"},"SourceDate":{"Year":"1888","Month":"9","Day":"29"},"SourceType":"BS Geboorte","SourceReference":{"Place":"Leuven","InstitutionName":"Rijksarchief Belgi\u00eb (Leuven)","Collection":"Burgerlijke stand Provincie Vlaams Brabant","DocumentNumber":"118"},"SourceAvailableScans":{"Scan":{"OrderSequenceNumber":"1","UriViewer":"https:\/\/www.familysearch.org\/ark:\/61903\/3:1:9392-8T9T-1Z?i=44&cc=1482191&cat=185456"}},"SourceLastChangeDate":"2023-06-23","SourceDigitalOriginal":"https:\/\/search.arch.be\/nl\/zoeken-naar-personen\/zoekresultaat\/weergave\/akte\/id\/GAVB0900019434_0","RecordIdentifier":"GAVB0900019434_0","RecordGUID":"{42579d47-b225-ddb2-1b48-a5a5ac199168}","SourceRemark":[{"@Key":"Vrijwilliger","Value":"Demogen Vlaams-Brabant en Brussel (project gavlb9)"},{"@Key":"Provenance","Value":"DemogenGeboorteaktenVLB009.mdb > mdb-export > abl\/demogen\/csv2a2a.pl"}]}}