{"Person":[{"@pid":"Person780141","PersonName":{"PersonNameFirstName":"Isidore Joseph","PersonNameLastName":"Riguels"},"Gender":"Man","Residence":{"Place":"Leuven"},"BirthDate":{"Year":"1801","Month":"12","Day":"19"},"BirthPlace":{"Country":"Belgi\u00eb","Place":"Tourinnes, Beauvechain, arr. de Nivelles"},"Profession":"journalier"},{"@pid":"Person3147721","PersonName":{"PersonNameFirstName":"Marie Jeanne","PersonNameLastName":"Morreau"},"Gender":"Vrouw","Residence":{"Place":"Leuven"},"BirthDate":{"Year":"1802","Month":"10","Day":"17"},"BirthPlace":{"Country":"Belgi\u00eb","Place":"Oplinter, arr. Leuven"},"Profession":"d\u00e9bitant de la bi\u00e8re"},{"@pid":"Person4796381","PersonName":{"PersonNameFirstName":"Joseph","PersonNameLastName":"Riguels"},"Gender":"Man","Residence":{"Place":"Tourinnes-la-Grosse, Beauvechain"},"BirthPlace":{"Country":"Belgi\u00eb","Place":"Waremme, prov. de Li\u00e8ge"},"Profession":"journalier"},{"@pid":"Person6445041","PersonName":{"PersonNameFirstName":"Marie Josephe","PersonNameLastName":"Devester"},"Gender":"Vrouw","Residence":{"Place":"Tourinnes-la-Grosse, Beauvechain"},"BirthPlace":{"Country":"Belgi\u00eb","Place":"Beauvechain"},"Profession":"m\u00e9nag\u00e8re"},{"@pid":"Person8093701","PersonName":{"PersonNameFirstName":"Jean Baptiste","PersonNameLastName":"Morreau"},"Gender":"Man","Residence":{"Place":"Oplinter"},"BirthPlace":{"Country":"Belgi\u00eb","Place":"Oplinter"},"Profession":"cordonnier"},{"@pid":"Person9742361","PersonName":{"PersonNameFirstName":"Jeanne Catherine","PersonNameLastName":"Hias"},"Gender":"Vrouw","PersonRemark":[{"@Key":"deat_date","Value":"1838-12-31"},{"@Key":"deat_plac","Value":"Oplinter"}]},{"@pid":"Person16193501","PersonName":{"PersonNameFirstName":"Jean Baptiste","PersonNameLastName":"Riguels"},"Gender":"Man","Residence":{"Place":"Tourinnes-la-Grosse, Beauvechain"},"Age":{"PersonAgeYears":"26"},"Profession":"journalier"},{"@pid":"Person16193511","PersonName":{"PersonNameFirstName":"Henri","PersonNameLastName":"Vincent"},"Gender":"Man","Residence":{"Place":"Leuven"},"Age":{"PersonAgeYears":"46"},"Profession":"journalier"},{"@pid":"Person16193521","PersonName":{"PersonNameFirstName":"Fran\u00e7ois Joseph","PersonNameLastName":"Lefevre"},"Gender":"Man","Residence":{"Place":"Leuven"},"Age":{"PersonAgeYears":"37"},"Profession":"aubergiste"},{"@pid":"Person16193531","PersonName":{"PersonNameFirstName":"Pierre Jean","PersonNameLastName":"Haesaert"},"Gender":"Man","Residence":{"Place":"Leuven"},"Age":{"PersonAgeYears":"32"},"Profession":"ma\u00eetre bourrelier"}],"Event":{"@eid":"Event1","EventType":"Huwelijk","EventDate":{"Year":"1839","Month":"2","Day":"14"},"EventPlace":{"Country":"Belgi\u00eb","Place":"Leuven"}},"RelationEP":[{"PersonKeyRef":"Person780141","EventKeyRef":"Event1","RelationType":"Bruidegom"},{"PersonKeyRef":"Person3147721","EventKeyRef":"Event1","RelationType":"Bruid"},{"PersonKeyRef":"Person4796381","EventKeyRef":"Event1","RelationType":"Vader van de bruidegom"},{"PersonKeyRef":"Person6445041","EventKeyRef":"Event1","RelationType":"Moeder van de bruidegom"},{"PersonKeyRef":"Person8093701","EventKeyRef":"Event1","RelationType":"Vader van de bruid"},{"PersonKeyRef":"Person9742361","EventKeyRef":"Event1","RelationType":"Moeder van de bruid"},{"PersonKeyRef":"Person16193501","EventKeyRef":"Event1","RelationType":"Getuige"},{"PersonKeyRef":"Person16193511","EventKeyRef":"Event1","RelationType":"Getuige"},{"PersonKeyRef":"Person16193521","EventKeyRef":"Event1","RelationType":"Getuige"},{"PersonKeyRef":"Person16193531","EventKeyRef":"Event1","RelationType":"Getuige"}],"Source":{"SourcePlace":{"Country":"Belgi\u00eb","Place":"Leuven"},"SourceIndexDate":{"From":"1792-01-01","To":"1919-12-31"},"SourceDate":{"Year":"1839","Month":"2","Day":"14"},"SourceType":"BS Huwelijk","SourceReference":{"Place":"Leuven","InstitutionName":"Rijksarchief Belgi\u00eb (Leuven)","Collection":"Burgerlijke stand Provincie Vlaams Brabant","DocumentNumber":"20"},"SourceAvailableScans":{"Scan":{"OrderSequenceNumber":"1","UriViewer":"https:\/\/www.familysearch.org\/ark:\/61903\/3:1:9398-HC9X-Q7?i=269&cc=1482191&cat=205581"}},"SourceLastChangeDate":"2023-06-23","SourceDigitalOriginal":"https:\/\/search.arch.be\/nl\/zoeken-naar-personen\/zoekresultaat\/weergave\/akte\/id\/HUBRA_00299973_0","RecordIdentifier":"HUBRA_00299973_0","RecordGUID":"{40b78449-682c-64f4-916d-e632cc31d079}","SourceRemark":[{"@Key":"Vrijwilliger","Value":"Demogen Vlaams-Brabant en Brussel (project huvlb19a)"},{"@Key":"Provenance","Value":"DemogenVlaamsBrabant19a.mdb > mdb-export > abl\/demogen\/csv2a2a.pl"}]}}