{"Person":[{"@pid":"Person1865807","PersonName":{"PersonNameFirstName":"Lambert","PersonNameLastName":"Von Eschen"},"Gender":"Man","Residence":{"Place":"Leuven"},"Age":{"PersonAgeYears":"31"},"Profession":"ouvrier-ma\u00e7on"},{"@pid":"Person1865907","PersonName":{"PersonNameFirstName":"Mathieu","PersonNameLastName":"Montens"},"Gender":"Man","Residence":{"Place":"Leuven"},"Age":{"PersonAgeYears":"27"},"Profession":"ouvrier-teinturier"},{"@pid":"Person4786307","PersonName":{"PersonNameFirstName":"Jean Baptiste","PersonNameLastName":"Maes"},"Gender":"Man","Residence":{"Place":"Leuven"},"Age":{"PersonAgeYears":"25"},"BirthPlace":{"Country":"Belgi\u00eb","Place":"Leuven"},"Profession":"ouvrier-ferblantier","MaritalStatus":"other:gehuwd","PersonRemark":{"@Key":"Opmerking","Value":"aangever"}},{"@pid":"Person6421007","PersonName":{"PersonNameFirstName":"Cath\u00e9rine","PersonNameLastName":"Van Gindertaelen"},"Gender":"Vrouw","Residence":{"Place":"Louvain, Sectie 4"},"Age":{"PersonAgeYears":"23"},"BirthPlace":{"Country":"Belgi\u00eb","Place":"Leuven"},"Profession":"m\u00e9nag\u00e8re","MaritalStatus":"other:gehuwd"},{"@pid":"Person8137607","PersonName":{"PersonNameFirstName":"Pierre Joseph Jean Baptiste","PersonNameLastName":"Maes"},"Gender":"Man","BirthDate":{"Year":"1866","Month":"7","Day":"29"},"BirthPlace":{"Country":"Belgi\u00eb","Place":"Louvain"},"PersonRemark":{"@Key":"Opmerking","Value":"uur van geboorte 2:00:00,"}}],"Event":{"@eid":"Event1","EventType":"Geboorte","EventDate":{"Year":"1866","Month":"7","Day":"29"},"EventPlace":{"Country":"Belgi\u00eb","Place":"Leuven"}},"RelationEP":[{"PersonKeyRef":"Person1865807","EventKeyRef":"Event1","RelationType":"Getuige"},{"PersonKeyRef":"Person1865907","EventKeyRef":"Event1","RelationType":"Getuige"},{"PersonKeyRef":"Person4786307","EventKeyRef":"Event1","RelationType":"Vader"},{"PersonKeyRef":"Person6421007","EventKeyRef":"Event1","RelationType":"Moeder"},{"PersonKeyRef":"Person8137607","EventKeyRef":"Event1","RelationType":"Kind"}],"Source":{"SourcePlace":{"Country":"Belgi\u00eb","Place":"Leuven"},"SourceIndexDate":{"From":"1792-01-01","To":"1919-12-31"},"SourceDate":{"Year":"1866","Month":"7","Day":"30"},"SourceType":"BS Geboorte","SourceReference":{"Place":"Leuven","InstitutionName":"Rijksarchief Belgi\u00eb (Leuven)","Collection":"Burgerlijke stand Provincie Vlaams Brabant","DocumentNumber":"653"},"SourceAvailableScans":{"Scan":{"OrderSequenceNumber":"1","UriViewer":"https:\/\/www.familysearch.org\/ark:\/61903\/3:1:9398-HCQ5-T?i=115&cc=1482191&cat=205581"}},"SourceLastChangeDate":"2023-06-23","SourceDigitalOriginal":"https:\/\/search.arch.be\/nl\/zoeken-naar-personen\/zoekresultaat\/weergave\/akte\/id\/GAVB0700033109_0","RecordIdentifier":"GAVB0700033109_0","RecordGUID":"{3e04ffb2-c000-fbec-7f5f-82fef6ad26f2}","SourceRemark":[{"@Key":"Vrijwilliger","Value":"Demogen Vlaams-Brabant en Brussel (project gavlb7)"},{"@Key":"Provenance","Value":"DemogenGeboorteaktenVLB007.mdb > mdb-export > abl\/demogen\/csv2a2a.pl"}]}}