{"Person":[{"@pid":"Person703991","PersonName":{"PersonNameFirstName":"Pierre","PersonNameLastName":"Cockmartin"},"Gender":"Man","Residence":{"Place":"Lembeek"},"Age":{"PersonAgeYears":"25","PersonAgeMonths":"4","PersonAgeDays":"13"},"BirthDate":{"Year":"1837","Month":"1","Day":"28"},"BirthPlace":{"Country":"Belgi\u00eb","Place":"Lembeek"},"Profession":"cultivateur"},{"@pid":"Person1973821","PersonName":{"PersonNameFirstName":"Rosalie","PersonNameLastName":"Lietard"},"Gender":"Vrouw","Residence":{"Place":"Lembeek"},"Age":{"PersonAgeYears":"26","PersonAgeMonths":"3","PersonAgeDays":"13"},"BirthDate":{"Year":"1836","Month":"2","Day":"28"},"BirthPlace":{"Country":"Belgi\u00eb","Place":"Lembeek"},"Profession":"sans profession"},{"@pid":"Person3622481","PersonName":{"PersonNameFirstName":"Louis","PersonNameLastName":"Cockmartin"},"Gender":"Man","Residence":{"Place":"Lembeek"},"Age":{"PersonAgeYears":"57"},"Profession":"cultivateur"},{"@pid":"Person5271141","PersonName":{"PersonNameFirstName":"Anne Cath\u00e9rine","PersonNameLastName":"Denijs"},"Gender":"Vrouw","Residence":{"Place":"Lembeek"},"Age":{"PersonAgeYears":"56"},"Profession":"m\u00e9nag\u00e8re"},{"@pid":"Person6919801","PersonName":{"PersonNameFirstName":"Antoine","PersonNameLastName":"Lietard"},"Gender":"Man","Residence":{"Place":"Lembeek"},"Age":{"PersonAgeYears":"58"},"Profession":"journalier"},{"@pid":"Person8568461","PersonName":{"PersonNameFirstName":"Philippine","PersonNameLastName":"Gheude"},"Gender":"Vrouw","Age":{"PersonAgeYears":"53"},"BirthPlace":{"Country":"Belgi\u00eb","Place":"Lembeek"},"Profession":"m\u00e9nag\u00e8re"},{"@pid":"Person11852691","PersonName":{"PersonNameFirstName":"Jean Baptist","PersonNameLastName":"Havaux"},"Gender":"Man","Residence":{"Place":"Lembeek"},"Age":{"PersonAgeYears":"32"},"Profession":"piocheur"},{"@pid":"Person11852701","PersonName":{"PersonNameFirstName":"Jacques","PersonNameLastName":"Borremans"},"Gender":"Man","Residence":{"Place":"Lembeek"},"Age":{"PersonAgeYears":"34"},"Profession":"journalier"},{"@pid":"Person11852711","PersonName":{"PersonNameFirstName":"Josse","PersonNameLastName":"Defraine"},"Gender":"Man","Residence":{"Place":"Lembeek"},"Age":{"PersonAgeYears":"34"},"Profession":"piocheur"},{"@pid":"Person11852721","PersonName":{"PersonNameFirstName":"Martin","PersonNameLastName":"Paternotte"},"Gender":"Man","Residence":{"Place":"Lembeek"},"Age":{"PersonAgeYears":"25"},"Profession":"bourrelier"}],"Event":{"@eid":"Event1","EventType":"Huwelijk","EventDate":{"Year":"1862","Month":"6","Day":"11"},"EventPlace":{"Country":"Belgi\u00eb","Place":"Lembeek"}},"RelationEP":[{"PersonKeyRef":"Person703991","EventKeyRef":"Event1","RelationType":"Bruidegom"},{"PersonKeyRef":"Person1973821","EventKeyRef":"Event1","RelationType":"Bruid"},{"PersonKeyRef":"Person3622481","EventKeyRef":"Event1","RelationType":"Vader van de bruidegom"},{"PersonKeyRef":"Person5271141","EventKeyRef":"Event1","RelationType":"Moeder van de bruidegom"},{"PersonKeyRef":"Person6919801","EventKeyRef":"Event1","RelationType":"Vader van de bruid"},{"PersonKeyRef":"Person8568461","EventKeyRef":"Event1","RelationType":"Moeder van de bruid"},{"PersonKeyRef":"Person11852691","EventKeyRef":"Event1","RelationType":"Getuige"},{"PersonKeyRef":"Person11852701","EventKeyRef":"Event1","RelationType":"Getuige"},{"PersonKeyRef":"Person11852711","EventKeyRef":"Event1","RelationType":"Getuige"},{"PersonKeyRef":"Person11852721","EventKeyRef":"Event1","RelationType":"Getuige"}],"Source":{"SourcePlace":{"Country":"Belgi\u00eb","Place":"Leuven"},"SourceIndexDate":{"From":"1792-01-01","To":"1919-12-31"},"SourceDate":{"Year":"1862","Month":"6","Day":"11"},"SourceType":"BS Huwelijk","SourceReference":{"Place":"Leuven","InstitutionName":"Rijksarchief Belgi\u00eb (Leuven)","Collection":"Burgerlijke stand Provincie Vlaams Brabant","DocumentNumber":"7"},"SourceAvailableScans":{"Scan":{"OrderSequenceNumber":"1","UriViewer":"https:\/\/www.familysearch.org\/ark:\/61903\/3:1:S3HY-DH44-Q95?i=125&cc=1482191&cat=205460"}},"SourceLastChangeDate":"2023-06-23","SourceDigitalOriginal":"https:\/\/search.arch.be\/nl\/zoeken-naar-personen\/zoekresultaat\/weergave\/akte\/id\/HUBRA_00051550_0","RecordIdentifier":"HUBRA_00051550_0","RecordGUID":"{3ba2a500-4aa7-99f4-3089-8236d2605629}","SourceRemark":[{"@Key":"Vrijwilliger","Value":"Demogen Vlaams-Brabant en Brussel (project huvlb19a)"},{"@Key":"Provenance","Value":"DemogenVlaamsBrabant19a.mdb > mdb-export > abl\/demogen\/csv2a2a.pl"}]}}