{"Person":[{"@pid":"Person425012","PersonName":{"PersonNameFirstName":"F\u00e9lix","PersonNameLastName":"Vanden Bosch"},"Gender":"Man","Residence":{"Place":"Kessel-Lo"},"BirthDate":{"Year":"1862","Month":"5","Day":"3"},"BirthPlace":{"Country":"Belgi\u00eb","Place":"Sint-Joris-Winge"},"Profession":"ouvrier menuisier"},{"@pid":"Person1313512","PersonName":{"PersonNameFirstName":"Jeanne Catherine","PersonNameLastName":"Vanden Eynde"},"Gender":"Vrouw","Residence":{"Place":"Leuven"},"BirthDate":{"Year":"1867","Month":"10","Day":"12"},"BirthPlace":{"Country":"Belgi\u00eb","Place":"Leuven"},"Profession":"couturi\u00e8re"},{"@pid":"Person2441142","PersonName":{"PersonNameFirstName":"Pierre Louis","PersonNameLastName":"Vanden Bosch"},"Gender":"Man","Residence":{"Place":"Sint-Joris-Winge"},"Profession":"ma\u00e7on"},{"@pid":"Person3329642","PersonName":{"PersonNameFirstName":"Marie Jos\u00e8phe","PersonNameLastName":"Peeters"},"Gender":"Vrouw","Residence":{"Place":"Sint-Joris-Winge"},"Profession":"m\u00e9nag\u00e8re"},{"@pid":"Person4218142","PersonName":{"PersonNameFirstName":"Fran\u00e7ois","PersonNameLastName":"Vanden Eynde"},"Gender":"Man","Residence":{"Place":"Leuven"},"Profession":"ouvrier teinturier"},{"@pid":"Person5106642","PersonName":{"PersonNameFirstName":"Barbe","PersonNameLastName":"Van Dyck"},"Gender":"Vrouw","Residence":{"Place":"Leuven"},"Profession":"m\u00e9nag\u00e8re"},{"@pid":"Person8258092","PersonName":{"PersonNameFirstName":"D\u00e9sir\u00e9","PersonNameLastName":"Costermans"},"Gender":"Man","Residence":{"Place":"Kessel-Lo"},"Age":{"PersonAgeYears":"39"},"Profession":"menuisier"},{"@pid":"Person8258102","PersonName":{"PersonNameFirstName":"Victor","PersonNameLastName":"Hendrickx"},"Gender":"Man","Residence":{"Place":"Kessel-Lo"},"Age":{"PersonAgeYears":"30"},"Profession":"journalier"},{"@pid":"Person8258112","PersonName":{"PersonNameFirstName":"Fran\u00e7ois","PersonNameLastName":"Vanden Eynde"},"Gender":"Man","Residence":{"Place":"Leuven"},"Age":{"PersonAgeYears":"23"},"Profession":"ouvrier imprimeur"},{"@pid":"Person8258122","PersonName":{"PersonNameFirstName":"Charles","PersonNameLastName":"Vanden Bosch"},"Gender":"Man","Residence":{"Place":"Sint-Joris-Winge"},"Age":{"PersonAgeYears":"23"},"Profession":"ma\u00e7on"}],"Event":{"@eid":"Event1","EventType":"Huwelijk","EventDate":{"Year":"1889","Month":"2","Day":"23"},"EventPlace":{"Country":"Belgi\u00eb","Place":"Leuven"}},"RelationEP":[{"PersonKeyRef":"Person425012","EventKeyRef":"Event1","RelationType":"Bruidegom"},{"PersonKeyRef":"Person1313512","EventKeyRef":"Event1","RelationType":"Bruid"},{"PersonKeyRef":"Person2441142","EventKeyRef":"Event1","RelationType":"Vader van de bruidegom"},{"PersonKeyRef":"Person3329642","EventKeyRef":"Event1","RelationType":"Moeder van de bruidegom"},{"PersonKeyRef":"Person4218142","EventKeyRef":"Event1","RelationType":"Vader van de bruid"},{"PersonKeyRef":"Person5106642","EventKeyRef":"Event1","RelationType":"Moeder van de bruid"},{"PersonKeyRef":"Person8258092","EventKeyRef":"Event1","RelationType":"Getuige"},{"PersonKeyRef":"Person8258102","EventKeyRef":"Event1","RelationType":"Getuige"},{"PersonKeyRef":"Person8258112","EventKeyRef":"Event1","RelationType":"Getuige"},{"PersonKeyRef":"Person8258122","EventKeyRef":"Event1","RelationType":"Getuige"}],"Source":{"SourcePlace":{"Country":"Belgi\u00eb","Place":"Leuven"},"SourceIndexDate":{"From":"1792-01-01","To":"1919-12-31"},"SourceDate":{"Year":"1889","Month":"2","Day":"23"},"SourceType":"BS Huwelijk","SourceReference":{"Place":"Leuven","InstitutionName":"Rijksarchief Belgi\u00eb (Leuven)","Collection":"Burgerlijke stand Provincie Vlaams Brabant","DocumentNumber":"51"},"SourceAvailableScans":{"Scan":{"OrderSequenceNumber":"1","UriViewer":"https:\/\/www.familysearch.org\/ark:\/61903\/3:1:939K-8Z3K-1?mode=g&i=445&cc=1482191&cat=205581"}},"SourceLastChangeDate":"2023-06-23","SourceDigitalOriginal":"https:\/\/search.arch.be\/nl\/zoeken-naar-personen\/zoekresultaat\/weergave\/akte\/id\/HUBRA_00277125_0","RecordIdentifier":"HUBRA_00277125_0","RecordGUID":"{2fcb9408-da68-a2a2-0c61-e9cd47ceff28}","SourceRemark":[{"@Key":"Vrijwilliger","Value":"Demogen Vlaams-Brabant en Brussel (project huvlb19b)"},{"@Key":"Provenance","Value":"DemogenVlaamsBrabant19b.mdb > mdb-export > abl\/demogen\/csv2a2a.pl"}]}}