{"Person":[{"@pid":"Person554735","PersonName":{"PersonNameFirstName":"Th\u00e9ophile Philibert","PersonNameLastName":"Verstrepen"},"Gender":"Man","Residence":{"Place":"Tienen"},"BirthDate":{"Year":"1881","Month":"6","Day":"1"},"BirthPlace":{"Country":"Belgi\u00eb","Place":"Jesseren"},"Profession":"houilleur"},{"@pid":"Person1211615","PersonName":{"PersonNameFirstName":"Marie Anne","PersonNameLastName":"Geerts"},"Gender":"Vrouw","Residence":{"Place":"Tienen"},"BirthDate":{"Year":"1889","Month":"9","Day":"1"},"BirthPlace":{"Country":"Belgi\u00eb","Place":"Schaerbeek"},"Profession":"journali\u00e8re","PersonRemark":{"@Key":"Opmerking","Value":"Domicili\u00e9e \u00e0 Tirlemont et avant \u00e0 Laeken."}},{"@pid":"Person1868495","PersonName":{"PersonNameFirstName":"Henri","PersonNameLastName":"Verstrepen"},"Gender":"Man","Residence":{"Place":"Tienen"},"Profession":"garde barri\u00e8re","PersonRemark":{"@Key":"Opmerking","Value":"D\u00e9clare ne savoir signer."}},{"@pid":"Person2322735","PersonName":{"PersonNameFirstName":"Julienne","PersonNameLastName":"Logiste"},"Gender":"Vrouw","Residence":{"Place":"Tienen"},"Profession":"m\u00e9nag\u00e8re","PersonRemark":{"@Key":"Opmerking","Value":"D\u00e9clare ne savoir signer."}},{"@pid":"Person2979615","PersonName":{"PersonNameFirstName":"Fran\u00e7ois Guillaume","PersonNameLastName":"Geerts"},"Gender":"Man"},{"@pid":"Person3636495","PersonName":{"PersonNameFirstName":"Catherine","PersonNameLastName":"Vander Linden"},"Gender":"Vrouw","Residence":{"Place":"Neder-Over-Heembeek"},"Profession":"m\u00e9nag\u00e8re","PersonRemark":{"@Key":"Opmerking","Value":"Consentant par acte devant l'Officier de l'Etat-Civil de Neder over Heembeek le cinq Septembre courant."}},{"@pid":"Person4129915","PersonName":{"PersonNameFirstName":"Henri Julien","PersonNameLastName":"Geerts>Verstrepen"},"Gender":"Man","BirthDate":{"Year":"1908","Month":"7","Day":"23"},"BirthPlace":{"Country":"Belgi\u00eb","Place":"Tienen"}},{"@pid":"Person5244115","PersonName":{"PersonNameFirstName":"Fran\u00e7ois","PersonNameLastName":"Verstrepen"},"Gender":"Man","Residence":{"Place":"Tienen"},"Age":{"PersonAgeYears":"53"},"Profession":"ouvrier plafonneur","PersonRemark":{"@Key":"Opmerking","Value":"D\u00e9clare ne savoir signer."}},{"@pid":"Person5244125","PersonName":{"PersonNameFirstName":"Edouard","PersonNameLastName":"Mathues"},"Gender":"Man","Residence":{"Place":"Tienen"},"Age":{"PersonAgeYears":"30"},"Profession":"ouvrier terrassier","PersonRemark":{"@Key":"Opmerking","Value":"D\u00e9clare ne savoir signer."}}],"Event":{"@eid":"Event1","EventType":"Huwelijk","EventDate":{"Year":"1908","Month":"9","Day":"23"},"EventPlace":{"Country":"Belgi\u00eb","Place":"Tienen"}},"RelationEP":[{"PersonKeyRef":"Person554735","EventKeyRef":"Event1","RelationType":"Bruidegom"},{"PersonKeyRef":"Person1211615","EventKeyRef":"Event1","RelationType":"Bruid"},{"PersonKeyRef":"Person1868495","EventKeyRef":"Event1","RelationType":"Vader van de bruidegom"},{"PersonKeyRef":"Person2322735","EventKeyRef":"Event1","RelationType":"Moeder van de bruidegom"},{"PersonKeyRef":"Person2979615","EventKeyRef":"Event1","RelationType":"Vader van de bruid"},{"PersonKeyRef":"Person3636495","EventKeyRef":"Event1","RelationType":"Moeder van de bruid"},{"PersonKeyRef":"Person4129915","EventKeyRef":"Event1","RelationType":"other:Gewettigd kind"},{"PersonKeyRef":"Person5244115","EventKeyRef":"Event1","RelationType":"Getuige"},{"PersonKeyRef":"Person5244125","EventKeyRef":"Event1","RelationType":"Getuige"}],"Source":{"SourcePlace":{"Country":"Belgi\u00eb","Place":"Leuven"},"SourceIndexDate":{"From":"1792-01-01","To":"1919-12-31"},"SourceDate":{"Year":"1908","Month":"9","Day":"23"},"SourceType":"BS Huwelijk","SourceReference":{"Place":"Leuven","InstitutionName":"Rijksarchief Belgi\u00eb (Leuven)","Collection":"Burgerlijke stand Provincie Vlaams Brabant","DocumentNumber":"91"},"SourceAvailableScans":{"Scan":{"OrderSequenceNumber":"1","UriViewer":"https:\/\/www.familysearch.org\/ark:\/61903\/3:1:3QS7-8999-74VL?i=222&cc=1482191&cat=267031"}},"SourceLastChangeDate":"2023-06-23","SourceDigitalOriginal":"https:\/\/search.arch.be\/nl\/zoeken-naar-personen\/zoekresultaat\/weergave\/akte\/id\/HUBRA_00286614_0","RecordIdentifier":"HUBRA_00286614_0","RecordGUID":"{2fc15c38-81c5-0632-59cb-c0a7d650f243}","SourceRemark":[{"@Key":"Vrijwilliger","Value":"Demogen Vlaams-Brabant en Brussel (project huvlb20)"},{"@Key":"Provenance","Value":"DemogenVlaamsBrabant20.mdb > mdb-export > abl\/demogen\/csv2a2a.pl"}]}}