{"Person":[{"@pid":"Person15075111","PersonName":{"PersonNameFirstName":"Bernard","PersonNameLastName":"Duynslaeger"},"Gender":"Man","Residence":{"Place":"Tienen"},"Age":{"PersonAgeYears":"62"},"Profession":"messager"},{"@pid":"Person15075211","PersonName":{"PersonNameFirstName":"D\u00e9sir\u00e9","PersonNameLastName":"Bouault"},"Gender":"Man","Residence":{"Place":"Tienen"},"Age":{"PersonAgeYears":"52"},"Profession":"journalier"},{"@pid":"Person16211711","PersonName":{"PersonNameFirstName":"Alphonse","PersonNameLastName":"Vandenbeck"},"Gender":"Man","Residence":{"Place":"Tienen"},"Age":{"PersonAgeYears":"40"},"BirthPlace":{"Country":"Belgi\u00eb","Place":"Tienen"},"Profession":"fondeur en cuivre","MaritalStatus":"other:gehuwd","PersonRemark":{"@Key":"Opmerking","Value":"aangever"}},{"@pid":"Person16903411","PersonName":{"PersonNameFirstName":"Caroline","PersonNameLastName":"Laudus"},"Gender":"Vrouw","Residence":{"Place":"Tienen"},"Age":{"PersonAgeYears":"37"},"BirthPlace":{"Country":"Belgi\u00eb","Place":"Tienen"},"Profession":"m\u00e9nag\u00e8re","MaritalStatus":"other:gehuwd"},{"@pid":"Person17621211","PersonName":{"PersonNameFirstName":"Malvine Elisa","PersonNameLastName":"Vandenbeck"},"Gender":"Vrouw","BirthDate":{"Year":"1903","Month":"11","Day":"12"},"BirthPlace":{"Country":"Belgi\u00eb","Place":"Tirlemont"},"PersonRemark":{"@Key":"Opmerking","Value":"uur van geboorte 1:00:00,"}}],"Event":{"@eid":"Event1","EventType":"Geboorte","EventDate":{"Year":"1903","Month":"11","Day":"12"},"EventPlace":{"Country":"Belgi\u00eb","Place":"Tienen"}},"RelationEP":[{"PersonKeyRef":"Person15075111","EventKeyRef":"Event1","RelationType":"Getuige"},{"PersonKeyRef":"Person15075211","EventKeyRef":"Event1","RelationType":"Getuige"},{"PersonKeyRef":"Person16211711","EventKeyRef":"Event1","RelationType":"Vader"},{"PersonKeyRef":"Person16903411","EventKeyRef":"Event1","RelationType":"Moeder"},{"PersonKeyRef":"Person17621211","EventKeyRef":"Event1","RelationType":"Kind"}],"Source":{"SourcePlace":{"Country":"Belgi\u00eb","Place":"Leuven"},"SourceIndexDate":{"From":"1792-01-01","To":"1919-12-31"},"SourceDate":{"Year":"1903","Month":"11","Day":"12"},"SourceType":"BS Geboorte","SourceReference":{"Place":"Leuven","InstitutionName":"Rijksarchief Belgi\u00eb (Leuven)","Collection":"Burgerlijke stand Provincie Vlaams Brabant","DocumentNumber":"400"},"SourceLastChangeDate":"2023-06-23","SourceDigitalOriginal":"https:\/\/search.arch.be\/nl\/zoeken-naar-personen\/zoekresultaat\/weergave\/akte\/id\/AVB01100266290_0","RecordIdentifier":"AVB01100266290_0","RecordGUID":"{19257951-7bc8-22dd-8461-f558cf6abec2}","SourceRemark":[{"@Key":"Vrijwilliger","Value":"Demogen Vlaams-Brabant en Brussel (project gavlb11)"},{"@Key":"Provenance","Value":"DemogenGeboorteaktenVLB011.mdb > mdb-export > abl\/demogen\/csv2a2a.pl"}]}}