{"Person":[{"@pid":"Person1508581","PersonName":{"PersonNameFirstName":"Bernard","PersonNameLastName":"Dierkx"},"Gender":"Man","Residence":{"Place":"Waanrode"},"BirthDate":{"Year":"1780","Month":"7","Day":"7"},"BirthPlace":{"Country":"Belgi\u00eb","Place":"Waanrode"},"Profession":"ouvrier","MaritalStatus":"other:veuf"},{"@pid":"Person2324471","PersonName":{"PersonNameFirstName":"Marie Theres","PersonNameLastName":"de Gol"},"Gender":"Vrouw","Residence":{"Place":"Kortenaken"},"Age":{"PersonAgeYears":"23"},"BirthDate":{"Year":"1788","Month":"10","Day":"7"},"BirthPlace":{"Country":"Belgi\u00eb","Place":"Kortenaken"}},{"@pid":"Person3973131","PersonName":{"PersonNameFirstName":"Jen Michel","PersonNameLastName":"Dierkx"},"Gender":"Man","BirthPlace":{"Country":"Belgi\u00eb","Place":"Baken, d\u00e9pt. de la Dyle"}},{"@pid":"Person5621791","PersonName":{"PersonNameFirstName":"Anne Marie","PersonNameLastName":"Stalmans"},"Gender":"Vrouw","BirthPlace":{"Country":"Belgi\u00eb","Place":"Waanrode"}},{"@pid":"Person7270451","PersonName":{"PersonNameFirstName":"Henry","PersonNameLastName":"de Gol"},"Gender":"Man","Residence":{"Place":"Kortenaken"},"Age":{"PersonAgeYears":"65"},"BirthPlace":{"Country":"Belgi\u00eb","Place":"Geetbets"},"Profession":"ouvrier"},{"@pid":"Person8919111","PersonName":{"PersonNameFirstName":"Anne Marie","PersonNameLastName":"Van luyten"},"Gender":"Vrouw","Residence":{"Place":"Kortenaken"},"Age":{"PersonAgeYears":"52"},"BirthPlace":{"Country":"Belgi\u00eb","Place":"Donck, d\u00e9pt. de la Meuse inf\u00e9rieure"}},{"@pid":"Person9909561","PersonName":{"PersonNameFirstName":"Anne Marie","PersonNameLastName":"Joris"},"Gender":"Vrouw","PersonRemark":{"@Key":"Opmerking","Value":[]}},{"@pid":"Person13134471","PersonName":{"PersonNameFirstName":"Adrien","PersonNameLastName":"Antoons"},"Gender":"Man","Residence":{"Place":"Waanrode"},"Age":{"PersonAgeYears":"43"},"Profession":"ouvrier"},{"@pid":"Person13134481","PersonName":{"PersonNameFirstName":"Laurant","PersonNameLastName":"Genou"},"Gender":"Man","Residence":{"Place":"Waanrode"},"Age":{"PersonAgeYears":"51"},"Profession":"electeur"},{"@pid":"Person13134491","PersonName":{"PersonNameFirstName":"Jean","PersonNameLastName":"Roviers"},"Gender":"Man","Residence":{"Place":"Waanrode"},"Age":{"PersonAgeYears":"49"},"Profession":"ouvrier"},{"@pid":"Person13134501","PersonName":{"PersonNameFirstName":"Pierre Fran\u00e7ois","PersonNameLastName":"Van hove"},"Gender":"Man","Residence":{"Place":"Wersbeek"},"Age":{"PersonAgeYears":"38"},"Profession":"cultivateur"}],"Event":{"@eid":"Event1","EventType":"Huwelijk","EventDate":{"Year":"1812","Month":"4","Day":"22"},"EventPlace":{"Country":"Belgi\u00eb","Place":"Waanrode"}},"RelationEP":[{"PersonKeyRef":"Person1508581","EventKeyRef":"Event1","RelationType":"Bruidegom"},{"PersonKeyRef":"Person2324471","EventKeyRef":"Event1","RelationType":"Bruid"},{"PersonKeyRef":"Person3973131","EventKeyRef":"Event1","RelationType":"Vader van de bruidegom"},{"PersonKeyRef":"Person5621791","EventKeyRef":"Event1","RelationType":"Moeder van de bruidegom"},{"PersonKeyRef":"Person7270451","EventKeyRef":"Event1","RelationType":"Vader van de bruid"},{"PersonKeyRef":"Person8919111","EventKeyRef":"Event1","RelationType":"Moeder van de bruid"},{"PersonKeyRef":"Person9909561","EventKeyRef":"Event1","RelationType":"other:Vorige partner bruidegom"},{"PersonKeyRef":"Person13134471","EventKeyRef":"Event1","RelationType":"Getuige"},{"PersonKeyRef":"Person13134481","EventKeyRef":"Event1","RelationType":"Getuige"},{"PersonKeyRef":"Person13134491","EventKeyRef":"Event1","RelationType":"Getuige"},{"PersonKeyRef":"Person13134501","EventKeyRef":"Event1","RelationType":"Getuige"}],"Source":{"SourcePlace":{"Country":"Belgi\u00eb","Place":"Leuven"},"SourceIndexDate":{"From":"1792-01-01","To":"1919-12-31"},"SourceDate":{"Year":"1812","Month":"4","Day":"22"},"SourceType":"BS Huwelijk","SourceReference":{"Place":"Leuven","InstitutionName":"Rijksarchief Belgi\u00eb (Leuven)","Collection":"Burgerlijke stand Provincie Vlaams Brabant","DocumentNumber":"2"},"SourceAvailableScans":{"Scan":{"OrderSequenceNumber":"1","UriViewer":"https:\/\/www.familysearch.org\/ark:\/61903\/3:1:9Q97-YMB8-YD3?i=129&cc=1482191&cat=270336"}},"SourceLastChangeDate":"2023-06-23","SourceDigitalOriginal":"https:\/\/search.arch.be\/nl\/zoeken-naar-personen\/zoekresultaat\/weergave\/akte\/id\/HUBRA_00128799_0","RecordIdentifier":"HUBRA_00128799_0","RecordGUID":"{138e4126-9ddb-0fdb-e7a7-df9b7b6b93f9}","SourceRemark":[{"@Key":"Vrijwilliger","Value":"Demogen Vlaams-Brabant en Brussel (project huvlb19a)"},{"@Key":"Provenance","Value":"DemogenVlaamsBrabant19a.mdb > mdb-export > abl\/demogen\/csv2a2a.pl"}]}}