{"Person":[{"@pid":"Person354652","PersonName":{"PersonNameFirstName":"Fr\u00e9d\u00e9ric","PersonNameLastName":"Pacolet"},"Gender":"Man","Residence":{"Place":"Velm"},"Age":{"PersonAgeYears":"26"},"BirthDate":{"Year":"1856","Month":"3","Day":"1"},"BirthPlace":{"Country":"Belgi\u00eb","Place":"Velm"},"Profession":"domestique"},{"@pid":"Person1243152","PersonName":{"PersonNameFirstName":"Anne Marie","PersonNameLastName":"Medart"},"Gender":"Vrouw","Residence":{"Place":"Landen"},"Age":{"PersonAgeYears":"22","PersonAgeMonths":"3"},"BirthDate":{"Year":"1859","Month":"11","Day":"14"},"BirthPlace":{"Country":"Belgi\u00eb","Place":"Landen"},"Profession":"journali\u00e8re"},{"@pid":"Person2164552","PersonName":{"PersonNameFirstName":"Martin","PersonNameLastName":"Pacolet"},"Gender":"Man","PersonRemark":[{"@Key":"deat_date","Value":"1879-04-14"},{"@Key":"deat_plac","Value":"Velm"}]},{"@pid":"Person3053052","PersonName":{"PersonNameFirstName":"Marie Margu\u00e9rithe","PersonNameLastName":"Gielen"},"Gender":"Vrouw","Residence":{"Place":"Velm"},"Age":{"PersonAgeYears":"60"},"Profession":"m\u00e9nag\u00e8re"},{"@pid":"Person3941552","PersonName":{"PersonNameFirstName":"L\u00e9onard","PersonNameLastName":"Medart"},"Gender":"Man","Residence":{"Place":"Landen"},"Age":{"PersonAgeYears":"50"},"Profession":"ouvrier au chemin de fer"},{"@pid":"Person4830052","PersonName":{"PersonNameFirstName":"Anne Antoinette","PersonNameLastName":"Hayen"},"Gender":"Vrouw","Residence":{"Place":"Landen"},"Age":{"PersonAgeYears":"48"},"Profession":"m\u00e9nag\u00e8re"},{"@pid":"Person7154522","PersonName":{"PersonNameFirstName":"Guillaume","PersonNameLastName":"Berwaerts"},"Gender":"Man","Residence":{"Place":"Velm"},"Age":{"PersonAgeYears":"35"},"Profession":"journalier"},{"@pid":"Person7154532","PersonName":{"PersonNameFirstName":"Joseph","PersonNameLastName":"Goyens"},"Gender":"Man","Residence":{"Place":"Landen"},"Age":{"PersonAgeYears":"28"},"Profession":"cultivateur"},{"@pid":"Person7154542","PersonName":{"PersonNameFirstName":"Augustin","PersonNameLastName":"Decatte"},"Gender":"Man","Residence":{"Place":"Landen"},"Age":{"PersonAgeYears":"28"},"Profession":"journalier"},{"@pid":"Person7154552","PersonName":{"PersonNameFirstName":"Dominique","PersonNameLastName":"Rogiers"},"Gender":"Man","Residence":{"Place":"Landen"},"Age":{"PersonAgeYears":"27"},"Profession":"secr\u00e9taire communal"}],"Event":{"@eid":"Event1","EventType":"Huwelijk","EventDate":{"Year":"1882","Month":"2","Day":"18"},"EventPlace":{"Country":"Belgi\u00eb","Place":"Landen"}},"RelationEP":[{"PersonKeyRef":"Person354652","EventKeyRef":"Event1","RelationType":"Bruidegom"},{"PersonKeyRef":"Person1243152","EventKeyRef":"Event1","RelationType":"Bruid"},{"PersonKeyRef":"Person2164552","EventKeyRef":"Event1","RelationType":"Vader van de bruidegom"},{"PersonKeyRef":"Person3053052","EventKeyRef":"Event1","RelationType":"Moeder van de bruidegom"},{"PersonKeyRef":"Person3941552","EventKeyRef":"Event1","RelationType":"Vader van de bruid"},{"PersonKeyRef":"Person4830052","EventKeyRef":"Event1","RelationType":"Moeder van de bruid"},{"PersonKeyRef":"Person7154522","EventKeyRef":"Event1","RelationType":"Getuige"},{"PersonKeyRef":"Person7154532","EventKeyRef":"Event1","RelationType":"Getuige"},{"PersonKeyRef":"Person7154542","EventKeyRef":"Event1","RelationType":"Getuige"},{"PersonKeyRef":"Person7154552","EventKeyRef":"Event1","RelationType":"Getuige"}],"Source":{"SourcePlace":{"Country":"Belgi\u00eb","Place":"Leuven"},"SourceIndexDate":{"From":"1792-01-01","To":"1919-12-31"},"SourceDate":{"Year":"1882","Month":"2","Day":"18"},"SourceType":"BS Huwelijk","SourceReference":{"Place":"Leuven","InstitutionName":"Rijksarchief Belgi\u00eb (Leuven)","Collection":"Burgerlijke stand Provincie Vlaams Brabant","DocumentNumber":"4"},"SourceAvailableScans":{"Scan":{"OrderSequenceNumber":"1","UriViewer":"https:\/\/www.familysearch.org\/ark:\/61903\/3:1:33SQ-GTNK-9S67?i=39&cat=1967624"}},"SourceLastChangeDate":"2023-06-23","SourceDigitalOriginal":"https:\/\/search.arch.be\/nl\/zoeken-naar-personen\/zoekresultaat\/weergave\/akte\/id\/HUBRA_00171624_0","RecordIdentifier":"HUBRA_00171624_0","RecordGUID":"{112e10bc-33a8-8856-6232-9bc10522ae75}","SourceRemark":[{"@Key":"Vrijwilliger","Value":"Demogen Vlaams-Brabant en Brussel (project huvlb19b)"},{"@Key":"Provenance","Value":"DemogenVlaamsBrabant19b.mdb > mdb-export > abl\/demogen\/csv2a2a.pl"}]}}