{"Person":[{"@pid":"Person1512361","PersonName":{"PersonNameFirstName":"Jean Baptiste","PersonNameLastName":"Verhasselt"},"Gender":"Man","Residence":{"Place":"Wemmel"},"Age":{"PersonAgeYears":"30"},"BirthDate":{"Year":"1781","Month":"4","Day":"1"},"BirthPlace":{"Country":"Belgi\u00eb","Place":"Wemmel"},"Profession":"domestique"},{"@pid":"Person2267291","PersonName":{"PersonNameFirstName":"Marie Anne","PersonNameLastName":"De Slagmolder"},"Gender":"Vrouw","Residence":{"Place":"Wemmel"},"Age":{"PersonAgeYears":"23"},"BirthDate":{"Year":"1788","Month":"3","Day":"13"},"BirthPlace":{"Country":"Belgi\u00eb","Place":"Wemmel"}},{"@pid":"Person3915951","PersonName":{"PersonNameFirstName":"Arnould","PersonNameLastName":"Verhasselt"},"Gender":"Man","Residence":{"Place":"Wemmel"},"Age":{"PersonAgeYears":"71"},"BirthPlace":{"Country":"Belgi\u00eb","Place":"Wemmel"},"Profession":"journalier"},{"@pid":"Person5564611","PersonName":{"PersonNameFirstName":"Marie","PersonNameLastName":"Van den Eede"},"Gender":"Vrouw","BirthPlace":{"Country":"Belgi\u00eb","Place":"Sint-Martens-Lennik"}},{"@pid":"Person7213271","PersonName":{"PersonNameFirstName":"Jean Fran\u00e7ois","PersonNameLastName":"De Slagmolder"},"Gender":"Man","BirthPlace":{"Country":"Belgi\u00eb","Place":"Wemmel"}},{"@pid":"Person8861931","PersonName":{"PersonNameFirstName":"Catherine","PersonNameLastName":"De Vroeghe"},"Gender":"Vrouw","Residence":{"Place":"Wemmel"},"Age":{"PersonAgeYears":"69"},"BirthPlace":{"Country":"Belgi\u00eb","Place":"Bodegem"}},{"@pid":"Person12905501","PersonName":{"PersonNameFirstName":"Arnould","PersonNameLastName":"Verhasselt"},"Gender":"Man","Residence":{"Place":"Wemmel"},"Age":{"PersonAgeYears":"71"},"Profession":"journalier"},{"@pid":"Person12905511","PersonName":{"PersonNameFirstName":"Jean Baptiste","PersonNameLastName":"Van der Straeten"},"Gender":"Man","Residence":{"Place":"Wemmel"},"Age":{"PersonAgeYears":"45"},"Profession":"cultivateur"},{"@pid":"Person12905521","PersonName":{"PersonNameFirstName":"Charles Jean Joseph","PersonNameLastName":"Van Hove"},"Gender":"Man","Residence":{"Place":"Wemmel"},"Age":{"PersonAgeYears":"69"},"Profession":"rentier"},{"@pid":"Person12905531","PersonName":{"PersonNameFirstName":"Pierre","PersonNameLastName":"Snyers"},"Gender":"Man","Residence":{"Place":"Wemmel"},"Age":{"PersonAgeYears":"38"},"Profession":"garde-champ\u00eatre"}],"Event":{"@eid":"Event1","EventType":"Huwelijk","EventDate":{"Year":"1811","Month":"10","Day":"26"},"EventPlace":{"Country":"Belgi\u00eb","Place":"Wemmel"}},"RelationEP":[{"PersonKeyRef":"Person1512361","EventKeyRef":"Event1","RelationType":"Bruidegom"},{"PersonKeyRef":"Person2267291","EventKeyRef":"Event1","RelationType":"Bruid"},{"PersonKeyRef":"Person3915951","EventKeyRef":"Event1","RelationType":"Vader van de bruidegom"},{"PersonKeyRef":"Person5564611","EventKeyRef":"Event1","RelationType":"Moeder van de bruidegom"},{"PersonKeyRef":"Person7213271","EventKeyRef":"Event1","RelationType":"Vader van de bruid"},{"PersonKeyRef":"Person8861931","EventKeyRef":"Event1","RelationType":"Moeder van de bruid"},{"PersonKeyRef":"Person12905501","EventKeyRef":"Event1","RelationType":"Getuige"},{"PersonKeyRef":"Person12905511","EventKeyRef":"Event1","RelationType":"Getuige"},{"PersonKeyRef":"Person12905521","EventKeyRef":"Event1","RelationType":"Getuige"},{"PersonKeyRef":"Person12905531","EventKeyRef":"Event1","RelationType":"Getuige"}],"Source":{"SourcePlace":{"Country":"Belgi\u00eb","Place":"Leuven"},"SourceIndexDate":{"From":"1792-01-01","To":"1919-12-31"},"SourceDate":{"Year":"1811","Month":"10","Day":"26"},"SourceType":"BS Huwelijk","SourceReference":{"Place":"Leuven","InstitutionName":"Rijksarchief Belgi\u00eb (Leuven)","Collection":"Burgerlijke stand Provincie Vlaams Brabant","DocumentNumber":"6"},"SourceLastChangeDate":"2023-06-23","SourceDigitalOriginal":"https:\/\/search.arch.be\/nl\/zoeken-naar-personen\/zoekresultaat\/weergave\/akte\/id\/HUBRA_00113913_0","RecordIdentifier":"HUBRA_00113913_0","RecordGUID":"{1027d989-74bf-8635-835c-386d8811f4bb}","SourceRemark":[{"@Key":"Vrijwilliger","Value":"Demogen Vlaams-Brabant en Brussel (project huvlb19a)"},{"@Key":"Provenance","Value":"DemogenVlaamsBrabant19a.mdb > mdb-export > abl\/demogen\/csv2a2a.pl"}]}}