{"Person":[{"@pid":"Person121791","PersonName":{"PersonNameFirstName":"Philippe Joseph","PersonNameLastName":"Fourmanoit"},"Gender":"Man","Residence":{"Place":"Ghoy"},"Age":{"PersonAgeYears":"29"},"BirthDate":{"Year":"1809","Month":"3","Day":"4"},"BirthPlace":{"Country":"Belgi\u00eb","Place":"Ellezelles"},"Profession":"marchand"},{"@pid":"Person3217261","PersonName":{"PersonNameFirstName":"Marie Joseph","PersonNameLastName":"Desmecht"},"Gender":"Vrouw","Residence":{"Place":"Bever Bi\u00e9v\u00e8ne"},"Age":{"PersonAgeYears":"21","PersonAgeMonths":"4"},"BirthDate":{"Year":"1817","Month":"1","Day":"4"},"BirthPlace":{"Country":"Belgi\u00eb","Place":"Bever Bi\u00e9v\u00e8ne"},"Profession":"servante"},{"@pid":"Person6514581","PersonName":{"PersonNameFirstName":"Marie Anne","PersonNameLastName":"Fourmanoit"},"Gender":"Vrouw","Residence":{"Place":"Ghoy"},"Profession":"couturi\u00e8re"},{"@pid":"Person8163241","PersonName":{"PersonNameFirstName":"Julien","PersonNameLastName":"Desmecht"},"Gender":"Man","PersonRemark":[{"@Key":"deat_date","Value":"1822-06-16"},{"@Key":"deat_plac","Value":"Bever Bi\u00e9v\u00e8ne"}]},{"@pid":"Person9811901","PersonName":{"PersonNameFirstName":"Marie Catherine","PersonNameLastName":"Vandercammen"},"Gender":"Vrouw","Residence":{"Place":"Bever Bi\u00e9v\u00e8ne"},"Profession":"fileuse"},{"@pid":"Person16443651","PersonName":{"PersonNameFirstName":"Ferdinand","PersonNameLastName":"Barb\u00e9"},"Gender":"Man","Residence":{"Place":"Bever Bi\u00e9v\u00e8ne"},"Age":{"PersonAgeYears":"44"},"Profession":"boutiquier"},{"@pid":"Person16443661","PersonName":{"PersonNameFirstName":"Charles","PersonNameLastName":"Depotter"},"Gender":"Man","Residence":{"Place":"Bever Bi\u00e9v\u00e8ne"},"Age":{"PersonAgeYears":"39"},"Profession":"bourrelier"},{"@pid":"Person16443671","PersonName":{"PersonNameFirstName":"Adrien","PersonNameLastName":"Vanderveken"},"Gender":"Man","Residence":{"Place":"Bever Bi\u00e9v\u00e8ne"},"Age":{"PersonAgeYears":"34"},"Profession":"garde champ\u00eatre"},{"@pid":"Person16443681","PersonName":{"PersonNameFirstName":"Ives","PersonNameLastName":"Beckers"},"Gender":"Man","Residence":{"Place":"Bever Bi\u00e9v\u00e8ne"},"Age":{"PersonAgeYears":"43"},"Profession":"lamier"}],"Event":{"@eid":"Event1","EventType":"Huwelijk","EventDate":{"Year":"1838","Month":"5","Day":"21"},"EventPlace":{"Country":"Belgi\u00eb","Place":"Bever"}},"RelationEP":[{"PersonKeyRef":"Person121791","EventKeyRef":"Event1","RelationType":"Bruidegom"},{"PersonKeyRef":"Person3217261","EventKeyRef":"Event1","RelationType":"Bruid"},{"PersonKeyRef":"Person6514581","EventKeyRef":"Event1","RelationType":"Moeder van de bruidegom"},{"PersonKeyRef":"Person8163241","EventKeyRef":"Event1","RelationType":"Vader van de bruid"},{"PersonKeyRef":"Person9811901","EventKeyRef":"Event1","RelationType":"Moeder van de bruid"},{"PersonKeyRef":"Person16443651","EventKeyRef":"Event1","RelationType":"Getuige"},{"PersonKeyRef":"Person16443661","EventKeyRef":"Event1","RelationType":"Getuige"},{"PersonKeyRef":"Person16443671","EventKeyRef":"Event1","RelationType":"Getuige"},{"PersonKeyRef":"Person16443681","EventKeyRef":"Event1","RelationType":"Getuige"}],"Source":{"SourcePlace":{"Country":"Belgi\u00eb","Place":"Leuven"},"SourceIndexDate":{"From":"1792-01-01","To":"1919-12-31"},"SourceDate":{"Year":"1838","Month":"5","Day":"21"},"SourceType":"BS Huwelijk","SourceReference":{"Place":"Leuven","InstitutionName":"Rijksarchief Belgi\u00eb (Leuven)","Collection":"Burgerlijke stand Provincie Vlaams Brabant","DocumentNumber":"13"},"SourceLastChangeDate":"2023-06-23","SourceDigitalOriginal":"https:\/\/search.arch.be\/nl\/zoeken-naar-personen\/zoekresultaat\/weergave\/akte\/id\/HUBRA_00320280_0","RecordIdentifier":"HUBRA_00320280_0","RecordGUID":"{0eaf1d88-933e-a24f-a6d1-74552896f86d}","SourceRemark":[{"@Key":"Vrijwilliger","Value":"Demogen Vlaams-Brabant en Brussel (project huvlb19a)"},{"@Key":"Provenance","Value":"DemogenVlaamsBrabant19a.mdb > mdb-export > abl\/demogen\/csv2a2a.pl"}]}}