{"Person":[{"@pid":"Person675016","PersonName":{"PersonNameFirstName":"Fran\u00e7ois","PersonNameLastName":"Desmet"},"Gender":"Man","Residence":{"Place":"Anderlecht"},"BirthDate":{"Year":"1889","Month":"8","Day":"20"},"BirthPlace":{"Country":"Belgi\u00eb","Place":"Anderlecht"},"Profession":"ouvrier po\u00ealier"},{"@pid":"Person1396216","PersonName":{"PersonNameFirstName":"Colette Susanne","PersonNameLastName":"Michiels"},"Gender":"Vrouw","Residence":{"Place":"Anderlecht"},"BirthDate":{"Year":"1886","Month":"1","Day":"23"},"BirthPlace":{"Country":"Belgi\u00eb","Place":"Bruxelles"},"Profession":"ouvri\u00e8re de fabrique"},{"@pid":"Person2117416","PersonName":{"PersonNameFirstName":"Fran\u00e7ois","PersonNameLastName":"Desmet"},"Gender":"Man","PersonRemark":[{"@Key":"deat_date","Value":"1895-08-16"},{"@Key":"deat_plac","Value":"Anderlecht"}]},{"@pid":"Person2795276","PersonName":{"PersonNameFirstName":"C\u00e9cile Marie Jos\u00e9phine","PersonNameLastName":"Wouters"},"Gender":"Vrouw","Residence":{"Place":"Anderlecht"},"Profession":"journali\u00e8re"},{"@pid":"Person3516476","PersonName":{"PersonNameFirstName":"Fran\u00e7ois","PersonNameLastName":"Michiels"},"Gender":"Man","Residence":{"Place":"Anderlecht"},"Profession":"chapelier"},{"@pid":"Person4237676","PersonName":{"PersonNameFirstName":"Elisabeth","PersonNameLastName":"Denys"},"Gender":"Vrouw","Residence":{"Place":"Anderlecht"},"Profession":"sans profession"},{"@pid":"Person6721226","PersonName":{"PersonNameFirstName":"Georges","PersonNameLastName":"Michiels"},"Gender":"Man","Residence":{"Place":"Anderlecht"},"Age":{"PersonAgeYears":"33"},"Profession":"chapelier"},{"@pid":"Person6721236","PersonName":{"PersonNameFirstName":"Jean Baptiste","PersonNameLastName":"Denys"},"Gender":"Man","Residence":{"Place":"Anderlecht"},"Age":{"PersonAgeYears":"35"},"Profession":"employ\u00e9"},{"@pid":"Person6721246","PersonName":{"PersonNameFirstName":"Jean","PersonNameLastName":"Desmet"},"Gender":"Man","Residence":{"Place":"Anderlecht"},"Age":{"PersonAgeYears":"29"},"Profession":"chapelier"},{"@pid":"Person6721256","PersonName":{"PersonNameFirstName":"Alphonse","PersonNameLastName":"Desmet"},"Gender":"Man","Residence":{"Place":"Anderlecht"},"Age":{"PersonAgeYears":"25"},"Profession":"mouleur"}],"Event":{"@eid":"Event1","EventType":"Huwelijk","EventDate":{"Year":"1907","Month":"12","Day":"7"},"EventPlace":{"Country":"Belgi\u00eb","Place":"Anderlecht"}},"RelationEP":[{"PersonKeyRef":"Person675016","EventKeyRef":"Event1","RelationType":"Bruidegom"},{"PersonKeyRef":"Person1396216","EventKeyRef":"Event1","RelationType":"Bruid"},{"PersonKeyRef":"Person2117416","EventKeyRef":"Event1","RelationType":"Vader van de bruidegom"},{"PersonKeyRef":"Person2795276","EventKeyRef":"Event1","RelationType":"Moeder van de bruidegom"},{"PersonKeyRef":"Person3516476","EventKeyRef":"Event1","RelationType":"Vader van de bruid"},{"PersonKeyRef":"Person4237676","EventKeyRef":"Event1","RelationType":"Moeder van de bruid"},{"PersonKeyRef":"Person6721226","EventKeyRef":"Event1","RelationType":"Getuige"},{"PersonKeyRef":"Person6721236","EventKeyRef":"Event1","RelationType":"Getuige"},{"PersonKeyRef":"Person6721246","EventKeyRef":"Event1","RelationType":"Getuige"},{"PersonKeyRef":"Person6721256","EventKeyRef":"Event1","RelationType":"Getuige"}],"Source":{"SourcePlace":{"Country":"Belgi\u00eb","Place":"Leuven"},"SourceIndexDate":{"From":"1796-01-01","To":"1919-12-31"},"SourceDate":{"Year":"1907","Month":"12","Day":"7"},"SourceType":"BS Huwelijk","SourceReference":{"Place":"Leuven","InstitutionName":"Rijksarchief Belgi\u00eb (Brussel)","Collection":"Burgerlijke stand Brussel","DocumentNumber":"535"},"SourceAvailableScans":{"Scan":{"OrderSequenceNumber":"1","UriViewer":"https:\/\/www.familysearch.org\/ark:\/61903\/3:1:S3HY-6SFS-22Q?i=449&cc=1482191&cat=136788"}},"SourceLastChangeDate":"2023-06-23","SourceDigitalOriginal":"https:\/\/search.arch.be\/nl\/zoeken-naar-personen\/zoekresultaat\/weergave\/akte\/id\/HUBRU_00668092_0","RecordIdentifier":"HUBRU_00668092_0","RecordGUID":"{f8107b99-aa37-499e-c74b-57bc8e2f01d0}","SourceRemark":[{"@Key":"Opmerking","Value":"Gescheiden op 16\/11\/1927 te Anderlecht."},{"@Key":"Vrijwilliger","Value":"Demogen Vlaams-Brabant en Brussel (project hubru20)"},{"@Key":"Provenance","Value":"DemogenBrussel20.mdb > mdb-export > abl\/demogen\/csv2a2a.pl"}]}}