{"Person":[{"@pid":"Person1049683","PersonName":{"PersonNameFirstName":"Jean Fran\u00e7ois","PersonNameLastName":"Torfs"},"Gender":"Man","Residence":{"Place":"Bruxelles"},"Age":{"PersonAgeYears":"37"},"BirthDate":{"Year":"1818","Month":"8","Day":"29"},"BirthPlace":{"Country":"Belgi\u00eb","Place":"Berlaar"},"Profession":"mar\u00e9chal"},{"@pid":"Person2251543","PersonName":{"PersonNameFirstName":"Marie Therese","PersonNameLastName":"Renders"},"Gender":"Vrouw","Residence":{"Place":"Molenbeek-Saint-Jean"},"Age":{"PersonAgeYears":"46"},"BirthDate":{"Year":"1809","Month":"5","Day":"15"},"BirthPlace":{"Country":"Belgi\u00eb","Place":"Itterbeek"},"Profession":"domestique \u00e0 gages"},{"@pid":"Person3286393","PersonName":{"PersonNameFirstName":"Pierre Fran\u00e7ois","PersonNameLastName":"Torfs"},"Gender":"Man","PersonRemark":[{"@Key":"deat_date","Value":"1852-12-15"},{"@Key":"deat_plac","Value":"Berlaar"}]},{"@pid":"Person4488253","PersonName":{"PersonNameFirstName":"Therese","PersonNameLastName":"Schoeters"},"Gender":"Vrouw","PersonRemark":[{"@Key":"deat_date","Value":"1850-09-05"},{"@Key":"deat_plac","Value":"Berlaar"}]},{"@pid":"Person5690113","PersonName":{"PersonNameFirstName":"Arnold","PersonNameLastName":"Renders"},"Gender":"Man","PersonRemark":[{"@Key":"deat_date","Value":"1816-12-02"},{"@Key":"deat_plac","Value":"Itterbeek"}]},{"@pid":"Person6891973","PersonName":{"PersonNameFirstName":"Marie Louise","PersonNameLastName":"De Bue"},"Gender":"Vrouw","PersonRemark":[{"@Key":"deat_date","Value":"1833-08-27"},{"@Key":"deat_plac","Value":"Itterbeek"}]},{"@pid":"Person11372283","PersonName":{"PersonNameFirstName":"Jean Fran\u00e7ois","PersonNameLastName":"Dierckx"},"Gender":"Man","Residence":{"Place":"Antwerpen"},"Age":{"PersonAgeYears":"36"},"Profession":"charpentier"},{"@pid":"Person11372293","PersonName":{"PersonNameFirstName":"Emmanuel Joseph","PersonNameLastName":"Torfs"},"Gender":"Man","Residence":{"Place":"Antwerpen"},"Age":{"PersonAgeYears":"28"},"Profession":"cocher"},{"@pid":"Person11372303","PersonName":{"PersonNameFirstName":"Narcisse Joseph","PersonNameLastName":"De Clercq"},"Gender":"Man","Residence":{"Place":"Bruxelles"},"Age":{"PersonAgeYears":"31"},"Profession":"aubergiste"},{"@pid":"Person11372313","PersonName":{"PersonNameFirstName":"Jean Baptiste","PersonNameLastName":"Henssens"},"Gender":"Man","Residence":{"Place":"Bruxelles"},"Age":{"PersonAgeYears":"29"},"Profession":"tailleur"}],"Event":{"@eid":"Event1","EventType":"Huwelijk","EventDate":{"Year":"1856","Month":"3","Day":"29"},"EventPlace":{"Country":"Belgi\u00eb","Place":"Sint-Jans-Molenbeek"}},"RelationEP":[{"PersonKeyRef":"Person1049683","EventKeyRef":"Event1","RelationType":"Bruidegom"},{"PersonKeyRef":"Person2251543","EventKeyRef":"Event1","RelationType":"Bruid"},{"PersonKeyRef":"Person3286393","EventKeyRef":"Event1","RelationType":"Vader van de bruidegom"},{"PersonKeyRef":"Person4488253","EventKeyRef":"Event1","RelationType":"Moeder van de bruidegom"},{"PersonKeyRef":"Person5690113","EventKeyRef":"Event1","RelationType":"Vader van de bruid"},{"PersonKeyRef":"Person6891973","EventKeyRef":"Event1","RelationType":"Moeder van de bruid"},{"PersonKeyRef":"Person11372283","EventKeyRef":"Event1","RelationType":"Getuige"},{"PersonKeyRef":"Person11372293","EventKeyRef":"Event1","RelationType":"Getuige"},{"PersonKeyRef":"Person11372303","EventKeyRef":"Event1","RelationType":"Getuige"},{"PersonKeyRef":"Person11372313","EventKeyRef":"Event1","RelationType":"Getuige"}],"Source":{"SourcePlace":{"Country":"Belgi\u00eb","Place":"Leuven"},"SourceIndexDate":{"From":"1796-01-01","To":"1919-12-31"},"SourceDate":{"Year":"1856","Month":"3","Day":"29"},"SourceType":"BS Huwelijk","SourceReference":{"Place":"Leuven","InstitutionName":"Rijksarchief Belgi\u00eb (Brussel)","Collection":"Burgerlijke stand Brussel","DocumentNumber":"29"},"SourceLastChangeDate":"2023-06-23","SourceDigitalOriginal":"https:\/\/search.arch.be\/nl\/zoeken-naar-personen\/zoekresultaat\/weergave\/akte\/id\/HUBRU_00502629_0","RecordIdentifier":"HUBRU_00502629_0","RecordGUID":"{ce0c537f-8983-640d-85de-04b9b120ea84}","SourceRemark":[{"@Key":"Vrijwilliger","Value":"Demogen Vlaams-Brabant en Brussel (project hubru19a)"},{"@Key":"Provenance","Value":"DemogenBrussel19a.mdb > mdb-export > abl\/demogen\/csv2a2a.pl"}]}}