{"Person":[{"@pid":"Person16016","PersonName":{"PersonNameFirstName":"Vital Jean Baptiste","PersonNameLastName":"Glineur"},"Gender":"Man","Residence":{"Place":"Anderlecht"},"BirthDate":{"Year":"1863","Month":"6","Day":"26"},"BirthPlace":{"Country":"Belgi\u00eb","Place":"Andenne, prov. de Namur"},"Profession":"cordonnier","MaritalStatus":"other:divorc\u00e9"},{"@pid":"Person737216","PersonName":{"PersonNameFirstName":"Marie Louise Antoinette Jos\u00e9phine","PersonNameLastName":"Keysers"},"Gender":"Vrouw","Residence":{"Place":"Anderlecht"},"BirthDate":{"Year":"1881","Month":"2","Day":"13"},"BirthPlace":{"Country":"Belgi\u00eb","Place":"Bruxelles"},"Profession":"sans profession"},{"@pid":"Person1458416","PersonName":{"PersonNameFirstName":"Jean Baptiste","PersonNameLastName":"Glineur"},"Gender":"Man","PersonRemark":[{"@Key":"deat_date","Value":"1897-11-08"},{"@Key":"deat_plac","Value":"Baudour"}]},{"@pid":"Person2730346","PersonName":{"PersonNameFirstName":"Th\u00e9r\u00e8se","PersonNameLastName":"Loupart"},"Gender":"Vrouw","PersonRemark":[{"@Key":"deat_date","Value":"1875-11-27"},{"@Key":"deat_plac","Value":"Schaerbeek"}]},{"@pid":"Person3451546","PersonName":{"PersonNameFirstName":"Marc","PersonNameLastName":"Keysers"},"Gender":"Man","Residence":{"Place":"Bruxelles"},"Profession":"tisserand"},{"@pid":"Person4172746","PersonName":{"PersonNameFirstName":"Louise Jos\u00e9phine Antoinette","PersonNameLastName":"De Raedemaeker"},"Gender":"Vrouw","PersonRemark":[{"@Key":"deat_date","Value":"1898-11-02"},{"@Key":"deat_plac","Value":"Bruxelles"}]},{"@pid":"Person4432926","PersonName":{"PersonNameFirstName":"Jeanne Marie","PersonNameLastName":"De Jonghe"},"Gender":"Vrouw","PersonRemark":{"@Key":"Opmerking","Value":"gescheiden Anderlecht 23\/11\/1901"}},{"@pid":"Person6489426","PersonName":{"PersonNameFirstName":"Henri","PersonNameLastName":"Boussemaere"},"Gender":"Man","Residence":{"Place":"Bruxelles"},"Age":{"PersonAgeYears":"38"},"Profession":"employ\u00e9"},{"@pid":"Person6489436","PersonName":{"PersonNameFirstName":"Pierre","PersonNameLastName":"Moens"},"Gender":"Man","Residence":{"Place":"Vilvoorde"},"Age":{"PersonAgeYears":"36"},"Profession":"employ\u00e9"},{"@pid":"Person6489446","PersonName":{"PersonNameFirstName":"Corneille","PersonNameLastName":"Huybrechts"},"Gender":"Man","Residence":{"Place":"Molenbeek-Saint-Jean"},"Age":{"PersonAgeYears":"32"},"Profession":"employ\u00e9"},{"@pid":"Person6489456","PersonName":{"PersonNameFirstName":"Jean","PersonNameLastName":"Coutelier"},"Gender":"Man","Residence":{"Place":"Anderlecht"},"Age":{"PersonAgeYears":"67"},"Profession":"commissionnaire"}],"Event":{"@eid":"Event1","EventType":"Huwelijk","EventDate":{"Year":"1902","Month":"4","Day":"30"},"EventPlace":{"Country":"Belgi\u00eb","Place":"Anderlecht"}},"RelationEP":[{"PersonKeyRef":"Person16016","EventKeyRef":"Event1","RelationType":"Bruidegom"},{"PersonKeyRef":"Person737216","EventKeyRef":"Event1","RelationType":"Bruid"},{"PersonKeyRef":"Person1458416","EventKeyRef":"Event1","RelationType":"Vader van de bruidegom"},{"PersonKeyRef":"Person2730346","EventKeyRef":"Event1","RelationType":"Moeder van de bruidegom"},{"PersonKeyRef":"Person3451546","EventKeyRef":"Event1","RelationType":"Vader van de bruid"},{"PersonKeyRef":"Person4172746","EventKeyRef":"Event1","RelationType":"Moeder van de bruid"},{"PersonKeyRef":"Person4432926","EventKeyRef":"Event1","RelationType":"other:Vorige partner bruidegom"},{"PersonKeyRef":"Person6489426","EventKeyRef":"Event1","RelationType":"Getuige"},{"PersonKeyRef":"Person6489436","EventKeyRef":"Event1","RelationType":"Getuige"},{"PersonKeyRef":"Person6489446","EventKeyRef":"Event1","RelationType":"Getuige"},{"PersonKeyRef":"Person6489456","EventKeyRef":"Event1","RelationType":"Getuige"}],"Source":{"SourcePlace":{"Country":"Belgi\u00eb","Place":"Leuven"},"SourceIndexDate":{"From":"1796-01-01","To":"1919-12-31"},"SourceDate":{"Year":"1902","Month":"4","Day":"30"},"SourceType":"BS Huwelijk","SourceReference":{"Place":"Leuven","InstitutionName":"Rijksarchief Belgi\u00eb (Brussel)","Collection":"Burgerlijke stand Brussel","DocumentNumber":"141"},"SourceAvailableScans":{"Scan":{"OrderSequenceNumber":"1","UriViewer":"https:\/\/www.familysearch.org\/ark:\/61903\/3:1:S3HY-D123-3K4?i=765&cc=1482191&cat=136788"}},"SourceLastChangeDate":"2023-06-23","SourceDigitalOriginal":"https:\/\/search.arch.be\/nl\/zoeken-naar-personen\/zoekresultaat\/weergave\/akte\/id\/HUBRU_00650766_0","RecordIdentifier":"HUBRU_00650766_0","RecordGUID":"{cce6acc4-d8c7-ef97-0bfd-f7ebf90b1e8a}","SourceRemark":[{"@Key":"Vrijwilliger","Value":"Demogen Vlaams-Brabant en Brussel (project hubru20)"},{"@Key":"Provenance","Value":"DemogenBrussel20.mdb > mdb-export > abl\/demogen\/csv2a2a.pl"}]}}