{"Person":[{"@pid":"Person103883","PersonName":{"PersonNameFirstName":"Albert Joseph","PersonNameLastName":"Bouille"},"Gender":"Man","Residence":{"Place":"Bruxelles"},"Age":{"PersonAgeYears":"21"},"BirthDate":{"Year":"1784","Month":"4","Day":"8"},"BirthPlace":{"Country":"Belgi\u00eb","Place":"Nivelles"},"Profession":"menuisier","PersonRemark":{"@Key":"Opmerking","Value":"fils mineur"}},{"@pid":"Person1305743","PersonName":{"PersonNameFirstName":"Ide Th\u00e9r\u00e8se","PersonNameLastName":"Geeraerts"},"Gender":"Vrouw","Residence":{"Place":"Bruxelles"},"Age":{"PersonAgeYears":"36"},"BirthDate":{"Year":"1769","Month":"10","Day":"21"},"BirthPlace":{"Country":"Belgi\u00eb","Place":"Bruxelles"},"Profession":"tailleuse"},{"@pid":"Person2979773","PersonName":{"PersonNameFirstName":"Pierre Joseph","PersonNameLastName":"Bouille"},"Gender":"Man","Residence":{"Place":"Nivelles"},"Profession":"menuisier"},{"@pid":"Person4181633","PersonName":{"PersonNameFirstName":"Marie Agnes","PersonNameLastName":"Cornet"},"Gender":"Vrouw"},{"@pid":"Person5383493","PersonName":{"PersonNameFirstName":"Fran\u00e7ois","PersonNameLastName":"Geeraerts"},"Gender":"Man"},{"@pid":"Person6585353","PersonName":{"PersonNameFirstName":"Josine","PersonNameLastName":"Opdenbergh"},"Gender":"Vrouw"},{"@pid":"Person10170933","PersonName":{"PersonNameFirstName":"Nicolas","PersonNameLastName":"Ventre"},"Gender":"Man","Residence":{"Place":"Bruxelles, Petit Sablon"},"Age":{"PersonAgeYears":"50"},"Profession":"menuisier"},{"@pid":"Person10170943","PersonName":{"PersonNameFirstName":"Fran\u00e7ois","PersonNameLastName":"Bascour"},"Gender":"Man","Residence":{"Place":"Bruxelles"},"Age":{"PersonAgeYears":"29"},"Profession":"imprimeur"},{"@pid":"Person10170953","PersonName":{"PersonNameFirstName":"Fran\u00e7ois","PersonNameLastName":"Seuilten"},"Gender":"Man","Residence":{"Place":"Bruxelles"},"Age":{"PersonAgeYears":"28"},"Profession":"charpentier"},{"@pid":"Person10170963","PersonName":{"PersonNameFirstName":"Jean Baptiste","PersonNameLastName":"De Kierle"},"Gender":"Man","Residence":{"Place":"Bruxelles"},"Age":{"PersonAgeYears":"56"},"Profession":"rentier","PersonRemark":{"@Key":"Opmerking","Value":"a d\u00e9clar\u00e9 de ne savoir \u00e9crire"}}],"Event":{"@eid":"Event1","EventType":"Huwelijk","EventDate":{"Year":"1806","Month":"2","Day":"10"},"EventPlace":{"Country":"Belgi\u00eb","Place":"Brussel"}},"RelationEP":[{"PersonKeyRef":"Person103883","EventKeyRef":"Event1","RelationType":"Bruidegom"},{"PersonKeyRef":"Person1305743","EventKeyRef":"Event1","RelationType":"Bruid"},{"PersonKeyRef":"Person2979773","EventKeyRef":"Event1","RelationType":"Vader van de bruidegom"},{"PersonKeyRef":"Person4181633","EventKeyRef":"Event1","RelationType":"Moeder van de bruidegom"},{"PersonKeyRef":"Person5383493","EventKeyRef":"Event1","RelationType":"Vader van de bruid"},{"PersonKeyRef":"Person6585353","EventKeyRef":"Event1","RelationType":"Moeder van de bruid"},{"PersonKeyRef":"Person10170933","EventKeyRef":"Event1","RelationType":"Getuige"},{"PersonKeyRef":"Person10170943","EventKeyRef":"Event1","RelationType":"Getuige"},{"PersonKeyRef":"Person10170953","EventKeyRef":"Event1","RelationType":"Getuige"},{"PersonKeyRef":"Person10170963","EventKeyRef":"Event1","RelationType":"Getuige"}],"Source":{"SourcePlace":{"Country":"Belgi\u00eb","Place":"Leuven"},"SourceIndexDate":{"From":"1796-01-01","To":"1919-12-31"},"SourceDate":{"Year":"1806","Month":"2","Day":"10"},"SourceType":"BS Huwelijk","SourceReference":{"Place":"Leuven","InstitutionName":"Rijksarchief Belgi\u00eb (Brussel)","Collection":"Burgerlijke stand Brussel","DocumentNumber":"146"},"SourceAvailableScans":{"Scan":{"OrderSequenceNumber":"1","UriViewer":"https:\/\/www.familysearch.org\/ark:\/61903\/3:1:S3HT-698W-R35?i=204&cc=1482191&cat=147201"}},"SourceLastChangeDate":"2023-06-23","SourceDigitalOriginal":"https:\/\/search.arch.be\/nl\/zoeken-naar-personen\/zoekresultaat\/weergave\/akte\/id\/HUBRU_00418767_0","RecordIdentifier":"HUBRU_00418767_0","RecordGUID":"{ccdc2989-324c-2e7a-e711-1edd786600ef}","SourceRemark":[{"@Key":"Opmerking","Value":"Les actes Pr\u00e9liminaires sont: les publicatiosns faites \u00e0 Nivelles et consentement du p\u00e8re du futur"},{"@Key":"Vrijwilliger","Value":"Demogen Vlaams-Brabant en Brussel (project hubru19a)"},{"@Key":"Provenance","Value":"DemogenBrussel19a.mdb > mdb-export > abl\/demogen\/csv2a2a.pl"}]}}