{"Person":[{"@pid":"Person1231154","PersonName":{"PersonNameFirstName":"Charles","PersonNameLastName":"Regnier"},"Gender":"Man","Residence":{"Place":"Saint-Josse-ten-Node"},"BirthDate":{"Year":"1867","Month":"6","Day":"15"},"BirthPlace":{"Country":"Belgi\u00eb","Place":"Mons"},"Profession":"t\u00e9l\u00e9graphiste"},{"@pid":"Person2617294","PersonName":{"PersonNameFirstName":"Blanche Marie Emilie","PersonNameLastName":"Fontignij"},"Gender":"Vrouw","Residence":{"Place":"Schaerbeek"},"BirthDate":{"Year":"1873","Month":"7","Day":"25"},"BirthPlace":{"Country":"Belgi\u00eb","Place":"Ixelles"},"Profession":"sans profession"},{"@pid":"Person3498094","PersonName":{"PersonNameFirstName":"Jean Baptiste","PersonNameLastName":"Regnier"},"Gender":"Man","Residence":{"Place":"Saint-Josse-ten-Node"},"Age":{"PersonAgeYears":"53"},"Profession":"cordonnier"},{"@pid":"Person4884234","PersonName":{"PersonNameFirstName":"Philom\u00e8ne Marie Th\u00e9r\u00e8se","PersonNameLastName":"Gilliard"},"Gender":"Vrouw","Residence":{"Place":"Saint-Josse-ten-Node"},"Age":{"PersonAgeYears":"50"},"Profession":"m\u00e9nag\u00e8re"},{"@pid":"Person6270374","PersonName":{"PersonNameFirstName":"Jean Baptiste","PersonNameLastName":"Fontignij"},"Gender":"Man","Residence":{"Place":"Schaerbeek"},"Age":{"PersonAgeYears":"54"},"Profession":"m\u00e9canicien"},{"@pid":"Person7656514","PersonName":{"PersonNameFirstName":"Albine","PersonNameLastName":"Dobbeleer"},"Gender":"Vrouw","Residence":{"Place":"Schaerbeek"},"Age":{"PersonAgeYears":"48"},"Profession":"menag\u00e8re"},{"@pid":"Person12140544","PersonName":{"PersonNameFirstName":"No\u00ebl Emmanuel","PersonNameLastName":"Regnier"},"Gender":"Man","Residence":{"Place":"Anderlecht"},"Age":{"PersonAgeYears":"28"},"Profession":"menuisier"},{"@pid":"Person12140554","PersonName":{"PersonNameFirstName":"Victor","PersonNameLastName":"Regnier"},"Gender":"Man","Residence":{"Place":"Saint-Josse-ten-Node"},"Age":{"PersonAgeYears":"27"},"Profession":"employ\u00e9"},{"@pid":"Person12140564","PersonName":{"PersonNameFirstName":"Albin","PersonNameLastName":"Fontigny"},"Gender":"Man","Residence":{"Place":"Evere"},"Age":{"PersonAgeYears":"25"},"Profession":"menuisier"},{"@pid":"Person12140574","PersonName":{"PersonNameFirstName":"Maurice","PersonNameLastName":"Fontigny"},"Gender":"Man","Residence":{"Place":"Schaerbeek"},"Age":{"PersonAgeYears":"22"},"Profession":"employ\u00e9"}],"Event":{"@eid":"Event1","EventType":"Huwelijk","EventDate":{"Year":"1891","Month":"12","Day":"9"},"EventPlace":{"Country":"Belgi\u00eb","Place":"Sint-Joost-ten-Node"}},"RelationEP":[{"PersonKeyRef":"Person1231154","EventKeyRef":"Event1","RelationType":"Bruidegom"},{"PersonKeyRef":"Person2617294","EventKeyRef":"Event1","RelationType":"Bruid"},{"PersonKeyRef":"Person3498094","EventKeyRef":"Event1","RelationType":"Vader van de bruidegom"},{"PersonKeyRef":"Person4884234","EventKeyRef":"Event1","RelationType":"Moeder van de bruidegom"},{"PersonKeyRef":"Person6270374","EventKeyRef":"Event1","RelationType":"Vader van de bruid"},{"PersonKeyRef":"Person7656514","EventKeyRef":"Event1","RelationType":"Moeder van de bruid"},{"PersonKeyRef":"Person12140544","EventKeyRef":"Event1","RelationType":"Getuige"},{"PersonKeyRef":"Person12140554","EventKeyRef":"Event1","RelationType":"Getuige"},{"PersonKeyRef":"Person12140564","EventKeyRef":"Event1","RelationType":"Getuige"},{"PersonKeyRef":"Person12140574","EventKeyRef":"Event1","RelationType":"Getuige"}],"Source":{"SourcePlace":{"Country":"Belgi\u00eb","Place":"Leuven"},"SourceIndexDate":{"From":"1796-01-01","To":"1919-12-31"},"SourceDate":{"Year":"1891","Month":"12","Day":"9"},"SourceType":"BS Huwelijk","SourceReference":{"Place":"Leuven","InstitutionName":"Rijksarchief Belgi\u00eb (Brussel)","Collection":"Burgerlijke stand Brussel","DocumentNumber":"254"},"SourceAvailableScans":{"Scan":{"OrderSequenceNumber":"1","UriViewer":"https:\/\/www.familysearch.org\/ark:\/61903\/3:1:9392-D39B-P6?i=410&cc=1482191&cat=241596"}},"SourceLastChangeDate":"2023-06-23","SourceDigitalOriginal":"https:\/\/search.arch.be\/nl\/zoeken-naar-personen\/zoekresultaat\/weergave\/akte\/id\/HUBRU_00545307_0","RecordIdentifier":"HUBRU_00545307_0","RecordGUID":"{cbeb3b6b-45e3-cb69-1887-677c302f84bb}","SourceRemark":[{"@Key":"Vrijwilliger","Value":"Demogen Vlaams-Brabant en Brussel (project hubru19b)"},{"@Key":"Provenance","Value":"DemogenBrussel19b.mdb > mdb-export > abl\/demogen\/csv2a2a.pl"}]}}