{"Person":[{"@pid":"Person1294","PersonName":{"PersonNameFirstName":"Edouard Charles Emmanuel","PersonNameLastName":"Vossaert"},"Gender":"Man","Residence":{"Place":"Schaerbeek"},"BirthDate":{"Year":"1874","Month":"11","Day":"8"},"BirthPlace":{"Country":"Belgi\u00eb","Place":"Schaerbeek"},"Profession":"employ\u00e9"},{"@pid":"Person1387434","PersonName":{"PersonNameFirstName":"Louisa Pauline Ghislaine","PersonNameLastName":"Gilbert"},"Gender":"Vrouw","Residence":{"Place":"Saint-Gilles"},"BirthDate":{"Year":"1878","Month":"11","Day":"16"},"BirthPlace":{"Country":"Belgi\u00eb","Place":"Namur"},"Profession":"sans profession"},{"@pid":"Person4066324","PersonName":{"PersonNameFirstName":"Charles Th\u00e9odore","PersonNameLastName":"Vossaert"},"Gender":"Man","Residence":{"Place":"Schaerbeek"},"Profession":"employ\u00e9"},{"@pid":"Person5452464","PersonName":{"PersonNameFirstName":"Th\u00e9r\u00e8se Jos\u00e8phe Lucie","PersonNameLastName":"Van Eck"},"Gender":"Vrouw"},{"@pid":"Person6838604","PersonName":{"PersonNameFirstName":"Augustin Joseph","PersonNameLastName":"Gilbert"},"Gender":"Man","Residence":{"Place":"Saint-Gilles"},"Profession":"employ\u00e9"},{"@pid":"Person8224744","PersonName":{"PersonNameFirstName":"Louise Marie Jos\u00e8phe","PersonNameLastName":"Jauquet"},"Gender":"Vrouw","Residence":{"Place":"Saint-Gilles"},"Profession":"sans profession"},{"@pid":"Person14387214","PersonName":{"PersonNameFirstName":"Edouard","PersonNameLastName":"Vossaert"},"Gender":"Man","Residence":{"Place":"Bruxelles"},"Age":{"PersonAgeYears":"68"},"Profession":"rentier"},{"@pid":"Person14387224","PersonName":{"PersonNameFirstName":"Charles","PersonNameLastName":"Bruy\u00e8re"},"Gender":"Man","Residence":{"Place":"Saint-Gilles"},"Age":{"PersonAgeYears":"40"},"Profession":"pharmacien"},{"@pid":"Person14387234","PersonName":{"PersonNameFirstName":"Jean Baptiste","PersonNameLastName":"Brogneaux"},"Gender":"Man","Residence":{"Place":"Molenbeek-Saint-Jean"},"Age":{"PersonAgeYears":"53"},"Profession":"chef facteur"},{"@pid":"Person14387244","PersonName":{"PersonNameFirstName":"Victor","PersonNameLastName":"Lecocq"},"Gender":"Man","Residence":{"Place":"Saint-Gilles"},"Age":{"PersonAgeYears":"42"},"Profession":"chef de bureau"}],"Event":{"@eid":"Event1","EventType":"Huwelijk","EventDate":{"Year":"1897","Month":"8","Day":"7"},"EventPlace":{"Country":"Belgi\u00eb","Place":"Sint-Gillis"}},"RelationEP":[{"PersonKeyRef":"Person1294","EventKeyRef":"Event1","RelationType":"Bruidegom"},{"PersonKeyRef":"Person1387434","EventKeyRef":"Event1","RelationType":"Bruid"},{"PersonKeyRef":"Person4066324","EventKeyRef":"Event1","RelationType":"Vader van de bruidegom"},{"PersonKeyRef":"Person5452464","EventKeyRef":"Event1","RelationType":"Moeder van de bruidegom"},{"PersonKeyRef":"Person6838604","EventKeyRef":"Event1","RelationType":"Vader van de bruid"},{"PersonKeyRef":"Person8224744","EventKeyRef":"Event1","RelationType":"Moeder van de bruid"},{"PersonKeyRef":"Person14387214","EventKeyRef":"Event1","RelationType":"Getuige"},{"PersonKeyRef":"Person14387224","EventKeyRef":"Event1","RelationType":"Getuige"},{"PersonKeyRef":"Person14387234","EventKeyRef":"Event1","RelationType":"Getuige"},{"PersonKeyRef":"Person14387244","EventKeyRef":"Event1","RelationType":"Getuige"}],"Source":{"SourcePlace":{"Country":"Belgi\u00eb","Place":"Leuven"},"SourceIndexDate":{"From":"1796-01-01","To":"1919-12-31"},"SourceDate":{"Year":"1897","Month":"8","Day":"7"},"SourceType":"BS Huwelijk","SourceReference":{"Place":"Leuven","InstitutionName":"Rijksarchief Belgi\u00eb (Brussel)","Collection":"Burgerlijke stand Brussel","DocumentNumber":"285"},"SourceAvailableScans":{"Scan":{"OrderSequenceNumber":"1","UriViewer":"https:\/\/www.familysearch.org\/ark:\/61903\/3:1:9392-D9SN-KB?i=499&cc=1482191&cat=241596"}},"SourceLastChangeDate":"2023-06-23","SourceDigitalOriginal":"https:\/\/search.arch.be\/nl\/zoeken-naar-personen\/zoekresultaat\/weergave\/akte\/id\/HUBRU_00659586_0","RecordIdentifier":"HUBRU_00659586_0","RecordGUID":"{c9d7561b-2e42-7e89-7850-55ddfa616f89}","SourceRemark":[{"@Key":"Vrijwilliger","Value":"Demogen Vlaams-Brabant en Brussel (project hubru19b)"},{"@Key":"Provenance","Value":"DemogenBrussel19b.mdb > mdb-export > abl\/demogen\/csv2a2a.pl"}]}}