{"Person":[{"@pid":"Person1349894","PersonName":{"PersonNameFirstName":"Joseph","PersonNameLastName":"Raemaker"},"Gender":"Man","Residence":{"Place":"Saint-Gilles"},"BirthDate":{"Year":"1861","Month":"10","Day":"4"},"BirthPlace":{"Country":"Belgi\u00eb","Place":"Bruxelles"},"Profession":"ouvrier relieur"},{"@pid":"Person2736034","PersonName":{"PersonNameFirstName":"Louise Augustine","PersonNameLastName":"Horemans"},"Gender":"Vrouw","Residence":{"Place":"Saint-Gilles"},"BirthDate":{"Year":"1866","Month":"3","Day":"29"},"BirthPlace":{"Country":"Belgi\u00eb","Place":"Bruxelles"},"Profession":"piqueuse de bottines"},{"@pid":"Person4096104","PersonName":{"PersonNameFirstName":"Louis","PersonNameLastName":"Raemaker"},"Gender":"Man","Residence":{"Place":"Namur"},"Profession":"\u00e9b\u00e9niste"},{"@pid":"Person5482244","PersonName":{"PersonNameFirstName":"Pauline","PersonNameLastName":"Delepeleere"},"Gender":"Vrouw","PersonRemark":{"@Key":"Opmerking","Value":"Le futur \u00e9poux d\u00e9clare que dans l'acte de d\u00e9c\u00e8s de sa m\u00e8re, le nom patronymique de son p\u00e8re est orthographi\u00e9 Raemaeker au lieu de Raemaker"}},{"@pid":"Person6868384","PersonName":{"PersonNameFirstName":"Charles Jean","PersonNameLastName":"Horemans"},"Gender":"Man","Residence":{"Place":"Saint-Gilles"},"Profession":"sculpteur"},{"@pid":"Person8254524","PersonName":{"PersonNameFirstName":"Anne","PersonNameLastName":"Raemaker"},"Gender":"Vrouw","Residence":{"Place":"Saint-Gilles"},"Profession":"sans profession"},{"@pid":"Person9231624","PersonName":{"PersonNameFirstName":"Anna","PersonNameLastName":"Horemans>Raemaker"},"Gender":"Vrouw","BirthDate":{"Year":"1889","Month":"3","Day":"10"},"BirthPlace":{"Country":"Belgi\u00eb","Place":"Bruxelles"}},{"@pid":"Person14502624","PersonName":{"PersonNameFirstName":"Andr\u00e9","PersonNameLastName":"Dirickx"},"Gender":"Man","Residence":{"Place":"Saint-Gilles"},"Age":{"PersonAgeYears":"30"},"Profession":"tapissier"},{"@pid":"Person14502634","PersonName":{"PersonNameFirstName":"Julien","PersonNameLastName":"Vanhooghkerken"},"Gender":"Man","Residence":{"Place":"Saint-Gilles"},"Age":{"PersonAgeYears":"28"},"Profession":"cordonnier"},{"@pid":"Person14502644","PersonName":{"PersonNameFirstName":"Jean","PersonNameLastName":"Van Melkebeke"},"Gender":"Man","Residence":{"Place":"Saint-Gilles"},"Age":{"PersonAgeYears":"40"},"Profession":"employ\u00e9"},{"@pid":"Person14502654","PersonName":{"PersonNameFirstName":"Jean","PersonNameLastName":"Jonas"},"Gender":"Man","Residence":{"Place":"Saint-Gilles"},"Age":{"PersonAgeYears":"32"},"Profession":"peintre"}],"Event":{"@eid":"Event1","EventType":"Huwelijk","EventDate":{"Year":"1889","Month":"9","Day":"28"},"EventPlace":{"Country":"Belgi\u00eb","Place":"Sint-Gillis"}},"RelationEP":[{"PersonKeyRef":"Person1349894","EventKeyRef":"Event1","RelationType":"Bruidegom"},{"PersonKeyRef":"Person2736034","EventKeyRef":"Event1","RelationType":"Bruid"},{"PersonKeyRef":"Person4096104","EventKeyRef":"Event1","RelationType":"Vader van de bruidegom"},{"PersonKeyRef":"Person5482244","EventKeyRef":"Event1","RelationType":"Moeder van de bruidegom"},{"PersonKeyRef":"Person6868384","EventKeyRef":"Event1","RelationType":"Vader van de bruid"},{"PersonKeyRef":"Person8254524","EventKeyRef":"Event1","RelationType":"Moeder van de bruid"},{"PersonKeyRef":"Person9231624","EventKeyRef":"Event1","RelationType":"other:Gewettigd kind"},{"PersonKeyRef":"Person14502624","EventKeyRef":"Event1","RelationType":"Getuige"},{"PersonKeyRef":"Person14502634","EventKeyRef":"Event1","RelationType":"Getuige"},{"PersonKeyRef":"Person14502644","EventKeyRef":"Event1","RelationType":"Getuige"},{"PersonKeyRef":"Person14502654","EventKeyRef":"Event1","RelationType":"Getuige"}],"Source":{"SourcePlace":{"Country":"Belgi\u00eb","Place":"Leuven"},"SourceIndexDate":{"From":"1796-01-01","To":"1919-12-31"},"SourceDate":{"Year":"1889","Month":"9","Day":"28"},"SourceType":"BS Huwelijk","SourceReference":{"Place":"Leuven","InstitutionName":"Rijksarchief Belgi\u00eb (Brussel)","Collection":"Burgerlijke stand Brussel","DocumentNumber":"216"},"SourceAvailableScans":{"Scan":{"OrderSequenceNumber":"1","UriViewer":"https:\/\/www.familysearch.org\/ark:\/61903\/3:1:9392-WZJH-9?i=447&cc=1482191&cat=241596"}},"SourceLastChangeDate":"2023-06-23","SourceDigitalOriginal":"https:\/\/search.arch.be\/nl\/zoeken-naar-personen\/zoekresultaat\/weergave\/akte\/id\/HUBRU_00666196_0","RecordIdentifier":"HUBRU_00666196_0","RecordGUID":"{c94e75a3-e7c9-f16e-43d7-7763ff9de86b}","SourceRemark":[{"@Key":"Vrijwilliger","Value":"Demogen Vlaams-Brabant en Brussel (project hubru19b)"},{"@Key":"Provenance","Value":"DemogenBrussel19b.mdb > mdb-export > abl\/demogen\/csv2a2a.pl"}]}}