{"Person":[{"@pid":"Person161706","PersonName":{"PersonNameFirstName":"Arnold Alo\u00efse","PersonNameLastName":"K\u00fchn"},"Gender":"Man","Residence":{"Place":"Li\u00e8ge"},"BirthDate":{"Year":"1876","Month":"4","Day":"14"},"BirthPlace":{"Country":"Belgi\u00eb","Place":"Sainte-Marie-aux-Mines, Alsace, Deutschland"},"Profession":"directeur d'\u00e9cole","PersonRemark":{"@Key":"Opmerking","Value":"domicili\u00e9 \u00e0 Kronenbourg lez Strasbourg, Basse Alsace, Allemagne"}},{"@pid":"Person882906","PersonName":{"PersonNameFirstName":"Julienne Fran\u00e7oise","PersonNameLastName":"Probst"},"Gender":"Vrouw","Residence":{"Place":"Bruxelles"},"BirthDate":{"Year":"1887","Month":"12","Day":"8"},"BirthPlace":{"Country":"Belgi\u00eb","Place":"Bruxelles"},"Profession":"sans profession","PersonRemark":{"@Key":"Opmerking","Value":"domicili\u00e9e \u00e0 Malm\u00e9dy, Prusse Rh\u00e9nanie, Allemagne, avant \u00e0 Ixelles mineure"}},{"@pid":"Person1604106","PersonName":{"PersonNameFirstName":"Alo\u00efse","PersonNameLastName":"K\u00fchn"},"Gender":"Man","Residence":{"Place":"Kronenburg, Strasbourg"},"Profession":"directeur d'\u00e9cole retrait\u00e9"},{"@pid":"Person2409526","PersonName":{"PersonNameFirstName":"Pauline","PersonNameLastName":"Christ"},"Gender":"Vrouw","Residence":{"Place":"Kronenburg"}},{"@pid":"Person3130726","PersonName":{"PersonNameFirstName":"Jules","PersonNameLastName":"Probst"},"Gender":"Man","Residence":{"Place":"Malmedy, Rheinische Preu\u00dfen, Deutschland"},"Profession":"h\u00f4telier","PersonRemark":{"@Key":"Opmerking","Value":"r\u00e9sidant \u00e0 Bruxelles"}},{"@pid":"Person3851926","PersonName":{"PersonNameFirstName":"C\u00e9line Romaine De Brock","PersonNameLastName":"Malm\u00e9dy"},"Gender":"Vrouw","PersonRemark":{"@Key":"Opmerking","Value":"r\u00e9sidant \u00e0 Bruxelles"}},{"@pid":"Person5495686","PersonName":{"PersonNameFirstName":"Pierre","PersonNameLastName":"Reclercq"},"Gender":"Man","Residence":{"Place":"Saint-Gilles"},"Age":{"PersonAgeYears":"50"},"Profession":"commissaire de police"},{"@pid":"Person5495696","PersonName":{"PersonNameFirstName":"Hippolyte","PersonNameLastName":"Fr\u00e9derix"},"Gender":"Man","Residence":{"Place":"Saint-Gilles"},"Age":{"PersonAgeYears":"38"},"Profession":"repr\u00e9sentant de commerce"},{"@pid":"Person5495706","PersonName":{"PersonNameFirstName":"Fr\u00e9d\u00e9ric","PersonNameLastName":"K\u00fchn"},"Gender":"Man","Residence":{"Place":"Strasbourg"},"Age":{"PersonAgeYears":"29"},"Profession":"employ\u00e9"},{"@pid":"Person5495716","PersonName":{"PersonNameFirstName":"Richard","PersonNameLastName":"K\u00fchn"},"Gender":"Man","Residence":{"Place":"Verviers"},"Age":{"PersonAgeYears":"25"},"Profession":"directeur d'\u00e9cole"}],"Event":{"@eid":"Event1","EventType":"Huwelijk","EventDate":{"Year":"1906","Month":"5","Day":"26"},"EventPlace":{"Country":"Belgi\u00eb","Place":"Brussel"}},"RelationEP":[{"PersonKeyRef":"Person161706","EventKeyRef":"Event1","RelationType":"Bruidegom"},{"PersonKeyRef":"Person882906","EventKeyRef":"Event1","RelationType":"Bruid"},{"PersonKeyRef":"Person1604106","EventKeyRef":"Event1","RelationType":"Vader van de bruidegom"},{"PersonKeyRef":"Person2409526","EventKeyRef":"Event1","RelationType":"Moeder van de bruidegom"},{"PersonKeyRef":"Person3130726","EventKeyRef":"Event1","RelationType":"Vader van de bruid"},{"PersonKeyRef":"Person3851926","EventKeyRef":"Event1","RelationType":"Moeder van de bruid"},{"PersonKeyRef":"Person5495686","EventKeyRef":"Event1","RelationType":"Getuige"},{"PersonKeyRef":"Person5495696","EventKeyRef":"Event1","RelationType":"Getuige"},{"PersonKeyRef":"Person5495706","EventKeyRef":"Event1","RelationType":"Getuige"},{"PersonKeyRef":"Person5495716","EventKeyRef":"Event1","RelationType":"Getuige"}],"Source":{"SourcePlace":{"Country":"Belgi\u00eb","Place":"Leuven"},"SourceIndexDate":{"From":"1796-01-01","To":"1919-12-31"},"SourceDate":{"Year":"1906","Month":"5","Day":"26"},"SourceType":"BS Huwelijk","SourceReference":{"Place":"Leuven","InstitutionName":"Rijksarchief Belgi\u00eb (Brussel)","Collection":"Burgerlijke stand Brussel","DocumentNumber":"822"},"SourceLastChangeDate":"2023-06-23","SourceDigitalOriginal":"https:\/\/search.arch.be\/nl\/zoeken-naar-personen\/zoekresultaat\/weergave\/akte\/id\/HUBRU_00542720_0","RecordIdentifier":"HUBRU_00542720_0","RecordGUID":"{c8a1a57f-1bcd-0109-4cc7-54baf853a7fe}","SourceRemark":[{"@Key":"Opmerking","Value":"Gescheiden op 15\/09\/1923 te Bruxelles."},{"@Key":"Vrijwilliger","Value":"Demogen Vlaams-Brabant en Brussel (project hubru20)"},{"@Key":"Provenance","Value":"DemogenBrussel20.mdb > mdb-export > abl\/demogen\/csv2a2a.pl"}]}}