{"Person":[{"@pid":"Person933224","PersonName":{"PersonNameFirstName":"Lambert Joseph Michel","PersonNameLastName":"Vanderheyden"},"Gender":"Man","Residence":{"Place":"Schaerbeek"},"BirthDate":{"Year":"1851","Month":"9","Day":"5"},"BirthPlace":{"Country":"Belgi\u00eb","Place":"Li\u00e8ge"},"Profession":"coiffeur"},{"@pid":"Person2319364","PersonName":{"PersonNameFirstName":"Antoinette M\u00e9lanie","PersonNameLastName":"Dierckx"},"Gender":"Vrouw","Residence":{"Place":"Schaerbeek"},"BirthDate":{"Year":"1854","Month":"3","Day":"16"},"BirthPlace":{"Country":"Belgi\u00eb","Place":"Bruxelles"},"Profession":"sans profession"},{"@pid":"Person3940484","PersonName":{"PersonNameFirstName":"Lambert Joseph","PersonNameLastName":"Vanderheyden"},"Gender":"Man","Residence":{"Place":"Li\u00e8ge"},"Age":{"PersonAgeYears":"53"},"Profession":"marchand de meubles"},{"@pid":"Person5326624","PersonName":{"PersonNameFirstName":"Tibiane","PersonNameLastName":"Leys"},"Gender":"Vrouw","Residence":{"Place":"Li\u00e8ge"},"Age":{"PersonAgeYears":"57"},"Profession":"sans profession"},{"@pid":"Person6712764","PersonName":{"PersonNameFirstName":"Jean Baptiste","PersonNameLastName":"Dierckx"},"Gender":"Man","Residence":{"Place":"Schaerbeek"},"Age":{"PersonAgeYears":"63"},"Profession":"employ\u00e9"},{"@pid":"Person8098904","PersonName":{"PersonNameFirstName":"Th\u00e9r\u00e8se","PersonNameLastName":"Van Reusenberg"},"Gender":"Vrouw","PersonRemark":[{"@Key":"deat_date","Value":"1856-10-24"},{"@Key":"deat_plac","Value":"Bruxelles"}]},{"@pid":"Person13888084","PersonName":{"PersonNameFirstName":"Edouard","PersonNameLastName":"Feye"},"Gender":"Man","Residence":{"Place":"Bruxelles"},"Age":{"PersonAgeYears":"34"},"Profession":"employ\u00e9"},{"@pid":"Person13888094","PersonName":{"PersonNameFirstName":"Jean","PersonNameLastName":"Newbold"},"Gender":"Man","Residence":{"Place":"Ixelles"},"Age":{"PersonAgeYears":"23"},"Profession":"employ\u00e9"},{"@pid":"Person13888104","PersonName":{"PersonNameFirstName":"Julien","PersonNameLastName":"Dierckx"},"Gender":"Man","Residence":{"Place":"Mons"},"Age":{"PersonAgeYears":"29"},"Profession":"sous lieutenant au 13i\u00e8me r\u00e9giment d'infanterie"},{"@pid":"Person13888114","PersonName":{"PersonNameFirstName":"Edmond","PersonNameLastName":"Dierckx"},"Gender":"Man","Residence":{"Place":"Hasselt"},"Age":{"PersonAgeYears":"27"},"Profession":"sergent major au 6i\u00e8me r\u00e9giment de ligne"}],"Event":{"@eid":"Event1","EventType":"Huwelijk","EventDate":{"Year":"1874","Month":"12","Day":"15"},"EventPlace":{"Country":"Belgi\u00eb","Place":"Schaarbeek"}},"RelationEP":[{"PersonKeyRef":"Person933224","EventKeyRef":"Event1","RelationType":"Bruidegom"},{"PersonKeyRef":"Person2319364","EventKeyRef":"Event1","RelationType":"Bruid"},{"PersonKeyRef":"Person3940484","EventKeyRef":"Event1","RelationType":"Vader van de bruidegom"},{"PersonKeyRef":"Person5326624","EventKeyRef":"Event1","RelationType":"Moeder van de bruidegom"},{"PersonKeyRef":"Person6712764","EventKeyRef":"Event1","RelationType":"Vader van de bruid"},{"PersonKeyRef":"Person8098904","EventKeyRef":"Event1","RelationType":"Moeder van de bruid"},{"PersonKeyRef":"Person13888084","EventKeyRef":"Event1","RelationType":"Getuige"},{"PersonKeyRef":"Person13888094","EventKeyRef":"Event1","RelationType":"Getuige"},{"PersonKeyRef":"Person13888104","EventKeyRef":"Event1","RelationType":"Getuige"},{"PersonKeyRef":"Person13888114","EventKeyRef":"Event1","RelationType":"Getuige"}],"Source":{"SourcePlace":{"Country":"Belgi\u00eb","Place":"Leuven"},"SourceIndexDate":{"From":"1796-01-01","To":"1919-12-31"},"SourceDate":{"Year":"1874","Month":"12","Day":"15"},"SourceType":"BS Huwelijk","SourceReference":{"Place":"Leuven","InstitutionName":"Rijksarchief Belgi\u00eb (Brussel)","Collection":"Burgerlijke stand Brussel","DocumentNumber":"309"},"SourceAvailableScans":{"Scan":{"OrderSequenceNumber":"1","UriViewer":"https:\/\/www.familysearch.org\/ark:\/61903\/3:1:9392-WW9D-L9?i=532&cc=1482191&cat=240825"}},"SourceLastChangeDate":"2023-06-23","SourceDigitalOriginal":"https:\/\/search.arch.be\/nl\/zoeken-naar-personen\/zoekresultaat\/weergave\/akte\/id\/HUBRU_00629957_0","RecordIdentifier":"HUBRU_00629957_0","RecordGUID":"{c6aa1397-f679-6393-e76e-7a1d419e2aca}","SourceRemark":[{"@Key":"Vrijwilliger","Value":"Demogen Vlaams-Brabant en Brussel (project hubru19b)"},{"@Key":"Provenance","Value":"DemogenBrussel19b.mdb > mdb-export > abl\/demogen\/csv2a2a.pl"}]}}