{"Person":[{"@pid":"Person183113","PersonName":{"PersonNameFirstName":"Antoine","PersonNameLastName":"Tollenboom"},"Gender":"Man","Residence":{"Place":"Bruxelles"},"BirthDate":{"Year":"1763","Month":"10","Day":"23"},"BirthPlace":{"Country":"Belgi\u00eb","Place":"Bruxelles"},"Profession":"ouvrier","MaritalStatus":"other:veuf"},{"@pid":"Person1384973","PersonName":{"PersonNameFirstName":"Barbe","PersonNameLastName":"Defruit"},"Gender":"Vrouw","Residence":{"Place":"Bruxelles"},"BirthDate":{"Year":"1786","Month":"9","Day":"29"},"BirthPlace":{"Country":"Belgi\u00eb","Place":"Bruxelles"},"Profession":"journali\u00e8re"},{"@pid":"Person3081493","PersonName":{"PersonNameFirstName":"Fran\u00e7ois","PersonNameLastName":"Tollenboom"},"Gender":"Man"},{"@pid":"Person4283353","PersonName":{"PersonNameFirstName":"Catherine","PersonNameLastName":"Jacobs"},"Gender":"Vrouw","Residence":{"Place":"Bruxelles"},"Profession":"dentelli\u00e8re"},{"@pid":"Person5485213","PersonName":{"PersonNameFirstName":"Simon Joseph","PersonNameLastName":"Defruit"},"Gender":"Man"},{"@pid":"Person6687073","PersonName":{"PersonNameFirstName":"Th\u00e9r\u00e8se","PersonNameLastName":"Stock"},"Gender":"Vrouw"},{"@pid":"Person7368783","PersonName":{"PersonNameFirstName":"Anne","PersonNameLastName":"Van der Kelen"},"Gender":"Vrouw","PersonRemark":{"@Key":"Opmerking","Value":[]}},{"@pid":"Person10566173","PersonName":{"PersonNameFirstName":"Sebastien","PersonNameLastName":"Defruit"},"Gender":"Man","Residence":{"Place":"Bruxelles"},"Age":{"PersonAgeYears":"35"},"Profession":"domestique"},{"@pid":"Person10566183","PersonName":{"PersonNameFirstName":"Jean","PersonNameLastName":"Masui"},"Gender":"Man","Residence":{"Place":"Bruxelles"},"Age":{"PersonAgeYears":"57"},"Profession":"savelier"},{"@pid":"Person10566193","PersonName":{"PersonNameFirstName":"Philippe","PersonNameLastName":"Jacobs"},"Gender":"Man","Residence":{"Place":"Bruxelles"},"Age":{"PersonAgeYears":"72"},"Profession":"pensionne \u00e0 St. Gertrude"},{"@pid":"Person10566203","PersonName":{"PersonNameFirstName":"Jean Baptiste","PersonNameLastName":"Maes"},"Gender":"Man","Residence":{"Place":"Bruxelles"},"Age":{"PersonAgeYears":"42"},"Profession":"cordonnier"}],"Event":{"@eid":"Event1","EventType":"Huwelijk","EventDate":{"Year":"1819","Month":"5","Day":"26"},"EventPlace":{"Country":"Belgi\u00eb","Place":"Brussel"}},"RelationEP":[{"PersonKeyRef":"Person183113","EventKeyRef":"Event1","RelationType":"Bruidegom"},{"PersonKeyRef":"Person1384973","EventKeyRef":"Event1","RelationType":"Bruid"},{"PersonKeyRef":"Person3081493","EventKeyRef":"Event1","RelationType":"Vader van de bruidegom"},{"PersonKeyRef":"Person4283353","EventKeyRef":"Event1","RelationType":"Moeder van de bruidegom"},{"PersonKeyRef":"Person5485213","EventKeyRef":"Event1","RelationType":"Vader van de bruid"},{"PersonKeyRef":"Person6687073","EventKeyRef":"Event1","RelationType":"Moeder van de bruid"},{"PersonKeyRef":"Person7368783","EventKeyRef":"Event1","RelationType":"other:Vorige partner bruidegom"},{"PersonKeyRef":"Person10566173","EventKeyRef":"Event1","RelationType":"Getuige"},{"PersonKeyRef":"Person10566183","EventKeyRef":"Event1","RelationType":"Getuige"},{"PersonKeyRef":"Person10566193","EventKeyRef":"Event1","RelationType":"Getuige"},{"PersonKeyRef":"Person10566203","EventKeyRef":"Event1","RelationType":"Getuige"}],"Source":{"SourcePlace":{"Country":"Belgi\u00eb","Place":"Leuven"},"SourceIndexDate":{"From":"1796-01-01","To":"1919-12-31"},"SourceDate":{"Year":"1819","Month":"5","Day":"26"},"SourceType":"BS Huwelijk","SourceReference":{"Place":"Leuven","InstitutionName":"Rijksarchief Belgi\u00eb (Brussel)","Collection":"Burgerlijke stand Brussel","DocumentNumber":"243"},"SourceAvailableScans":{"Scan":{"OrderSequenceNumber":"1","UriViewer":"https:\/\/search.arch.be\/nl\/zoeken-naar-archieven\/zoekresultaat\/inventaris\/rabscan\/eadid\/BE-A0541_006757_006696_DUT\/inventarisnr\/IOrigineel85905\/level\/file\/scan-index\/2\/foto\/541_9997_997_21004_001_0_0002#https:\/\/search.arch.be\/nl\/zoeken-naar-archieven\/zoekresultaat\/inventaris\/rabscan\/eadid\/BE-A0541_006757_006696_DUT\/inventarisnr\/IOrigineel85905\/level\/file\/scan-index\/2\/foto\/541_9997_997_21004_001_0_0002"}},"SourceLastChangeDate":"2023-06-23","SourceDigitalOriginal":"https:\/\/search.arch.be\/nl\/zoeken-naar-personen\/zoekresultaat\/weergave\/akte\/id\/HUBRU_00446822_0","RecordIdentifier":"HUBRU_00446822_0","RecordGUID":"{bf2387e0-93d2-504b-68b4-b79b07c8700b}","SourceRemark":[{"@Key":"Vrijwilliger","Value":"Demogen Vlaams-Brabant en Brussel (project hubru19a)"},{"@Key":"Provenance","Value":"DemogenBrussel19a.mdb > mdb-export > abl\/demogen\/csv2a2a.pl"}]}}