{"Person":[{"@pid":"Person43314","PersonName":{"PersonNameFirstName":"Jean Baptiste","PersonNameLastName":"D'hav\u00e9"},"Gender":"Man","Residence":{"Place":"Anderlecht"},"BirthDate":{"Year":"1858","Month":"10","Day":"5"},"BirthPlace":{"Country":"Belgi\u00eb","Place":"Eeklo"},"Profession":"ouvrier chapelier"},{"@pid":"Person1429454","PersonName":{"PersonNameFirstName":"Marie","PersonNameLastName":"Verheylewegen"},"Gender":"Vrouw","Residence":{"Place":"Anderlecht"},"BirthDate":{"Year":"1867","Month":"1","Day":"5"},"BirthPlace":{"Country":"Belgi\u00eb","Place":"Anderlecht"},"Profession":"ouvri\u00e8re de fabrique"},{"@pid":"Person3162284","PersonName":{"PersonNameFirstName":"Pierre Bernard","PersonNameLastName":"D'hav\u00e9"},"Gender":"Man","Residence":{"Place":"Anderlecht"},"Profession":"journalier"},{"@pid":"Person4548424","PersonName":{"PersonNameFirstName":"Eug\u00e9nie","PersonNameLastName":"Vandeputte"},"Gender":"Vrouw","Residence":{"Place":"Anderlecht"},"Profession":"sans profession"},{"@pid":"Person5934564","PersonName":{"PersonNameFirstName":"Philippe","PersonNameLastName":"Verheylewegen"},"Gender":"Man","PersonRemark":[{"@Key":"deat_date","Value":"1875-09-02"},{"@Key":"deat_plac","Value":"Anderlecht"}]},{"@pid":"Person7320704","PersonName":{"PersonNameFirstName":"Isabelle","PersonNameLastName":"Biesemans"},"Gender":"Vrouw","Residence":{"Place":"Anderlecht"},"Profession":"journali\u00e8re"},{"@pid":"Person8975574","PersonName":{"PersonNameFirstName":"Joseph","PersonNameLastName":"Verheylewegen>D'hav\u00e9"},"Gender":"Man","BirthDate":{"Year":"1888","Month":"10","Day":"13"},"BirthPlace":{"Country":"Belgi\u00eb","Place":"Anderlecht"}},{"@pid":"Person10802694","PersonName":{"PersonNameFirstName":"Fran\u00e7ois","PersonNameLastName":"D'hav\u00e9"},"Gender":"Man","Residence":{"Place":"Anderlecht"},"Age":{"PersonAgeYears":"22"},"Profession":"tonnelier"},{"@pid":"Person10802704","PersonName":{"PersonNameFirstName":"Pierre","PersonNameLastName":"Vandermeulen"},"Gender":"Man","Residence":{"Place":"Anderlecht"},"Age":{"PersonAgeYears":"35"},"Profession":"ouvrier de fabrique"},{"@pid":"Person10802714","PersonName":{"PersonNameFirstName":"Charles","PersonNameLastName":"Hannaert"},"Gender":"Man","Residence":{"Place":"Anderlecht"},"Age":{"PersonAgeYears":"33"},"Profession":"vacher"},{"@pid":"Person10802724","PersonName":{"PersonNameFirstName":"Fran\u00e7ois","PersonNameLastName":"Verheylewegen"},"Gender":"Man","Residence":{"Place":"Anderlecht"},"Age":{"PersonAgeYears":"57"},"Profession":"chapelier"}],"Event":{"@eid":"Event1","EventType":"Huwelijk","EventDate":{"Year":"1889","Month":"8","Day":"3"},"EventPlace":{"Country":"Belgi\u00eb","Place":"Anderlecht"}},"RelationEP":[{"PersonKeyRef":"Person43314","EventKeyRef":"Event1","RelationType":"Bruidegom"},{"PersonKeyRef":"Person1429454","EventKeyRef":"Event1","RelationType":"Bruid"},{"PersonKeyRef":"Person3162284","EventKeyRef":"Event1","RelationType":"Vader van de bruidegom"},{"PersonKeyRef":"Person4548424","EventKeyRef":"Event1","RelationType":"Moeder van de bruidegom"},{"PersonKeyRef":"Person5934564","EventKeyRef":"Event1","RelationType":"Vader van de bruid"},{"PersonKeyRef":"Person7320704","EventKeyRef":"Event1","RelationType":"Moeder van de bruid"},{"PersonKeyRef":"Person8975574","EventKeyRef":"Event1","RelationType":"other:Gewettigd kind"},{"PersonKeyRef":"Person10802694","EventKeyRef":"Event1","RelationType":"Getuige"},{"PersonKeyRef":"Person10802704","EventKeyRef":"Event1","RelationType":"Getuige"},{"PersonKeyRef":"Person10802714","EventKeyRef":"Event1","RelationType":"Getuige"},{"PersonKeyRef":"Person10802724","EventKeyRef":"Event1","RelationType":"Getuige"}],"Source":{"SourcePlace":{"Country":"Belgi\u00eb","Place":"Leuven"},"SourceIndexDate":{"From":"1796-01-01","To":"1919-12-31"},"SourceDate":{"Year":"1889","Month":"8","Day":"3"},"SourceType":"BS Huwelijk","SourceReference":{"Place":"Leuven","InstitutionName":"Rijksarchief Belgi\u00eb (Brussel)","Collection":"Burgerlijke stand Brussel","DocumentNumber":"149"},"SourceAvailableScans":{"Scan":{"OrderSequenceNumber":"1","UriViewer":"https:\/\/www.familysearch.org\/ark:\/61903\/3:1:9392-HBSH-26?i=666&cc=1482191&cat=136788"}},"SourceLastChangeDate":"2023-06-23","SourceDigitalOriginal":"https:\/\/search.arch.be\/nl\/zoeken-naar-personen\/zoekresultaat\/weergave\/akte\/id\/HUBRU_00465563_0","RecordIdentifier":"HUBRU_00465563_0","RecordGUID":"{b67b37f9-7f9a-6f0c-1de9-fe20fe06fbf4}","SourceRemark":[{"@Key":"Vrijwilliger","Value":"Demogen Vlaams-Brabant en Brussel (project hubru19b)"},{"@Key":"Provenance","Value":"DemogenBrussel19b.mdb > mdb-export > abl\/demogen\/csv2a2a.pl"}]}}