{"Person":[{"@pid":"Person752183","PersonName":{"PersonNameFirstName":"Jean Baptiste","PersonNameLastName":"Maginel"},"Gender":"Man","Residence":{"Place":"Bruxelles"},"BirthDate":{"Year":"1842","Month":"5","Day":"26"},"BirthPlace":{"Country":"Belgi\u00eb","Place":"Bruxelles"},"Profession":"garde frein au chemin de fer de l'\u00e9tat"},{"@pid":"Person1954043","PersonName":{"PersonNameFirstName":"Anne Marie","PersonNameLastName":"Coppens"},"Gender":"Vrouw","Residence":{"Place":"Bruxelles"},"BirthDate":{"Year":"1845","Month":"11","Day":"15"},"BirthPlace":{"Country":"Belgi\u00eb","Place":"Aalst"},"Profession":"brunisseuse de bijoux"},{"@pid":"Person2899093","PersonName":{"PersonNameFirstName":"Pierre Emmanuel","PersonNameLastName":"Maginel"},"Gender":"Man"},{"@pid":"Person4100953","PersonName":{"PersonNameFirstName":"Marie Anne Jos\u00e8phe","PersonNameLastName":"Gonot"},"Gender":"Vrouw"},{"@pid":"Person5302813","PersonName":{"PersonNameFirstName":"Andr\u00e9","PersonNameLastName":"Coppens"},"Gender":"Man","Residence":{"Place":"Bruxelles"},"Profession":"sans profession"},{"@pid":"Person6504673","PersonName":{"PersonNameFirstName":"Catherine","PersonNameLastName":"De Smet"},"Gender":"Vrouw"},{"@pid":"Person9846433","PersonName":{"PersonNameFirstName":"Louis","PersonNameLastName":"Dumoulin"},"Gender":"Man","Residence":{"Place":"Bruxelles"},"Age":{"PersonAgeYears":"34"},"Profession":"employ\u00e9"},{"@pid":"Person9846443","PersonName":{"PersonNameFirstName":"Martin","PersonNameLastName":"Panneels"},"Gender":"Man","Residence":{"Place":"Bruxelles"},"Age":{"PersonAgeYears":"29"},"Profession":"cabaretier"},{"@pid":"Person9846453","PersonName":{"PersonNameFirstName":"Fran\u00e7ois","PersonNameLastName":"Donas"},"Gender":"Man","Residence":{"Place":"Bruxelles"},"Age":{"PersonAgeYears":"44"},"Profession":"photographe"},{"@pid":"Person9846463","PersonName":{"PersonNameFirstName":"Louis","PersonNameLastName":"Bouvier"},"Gender":"Man","Residence":{"Place":"Bruxelles"},"Age":{"PersonAgeYears":"24"},"Profession":"passementier"}],"Event":{"@eid":"Event1","EventType":"Huwelijk","EventDate":{"Year":"1867","Month":"1","Day":"26"},"EventPlace":{"Country":"Belgi\u00eb","Place":"Brussel"}},"RelationEP":[{"PersonKeyRef":"Person752183","EventKeyRef":"Event1","RelationType":"Bruidegom"},{"PersonKeyRef":"Person1954043","EventKeyRef":"Event1","RelationType":"Bruid"},{"PersonKeyRef":"Person2899093","EventKeyRef":"Event1","RelationType":"Vader van de bruidegom"},{"PersonKeyRef":"Person4100953","EventKeyRef":"Event1","RelationType":"Moeder van de bruidegom"},{"PersonKeyRef":"Person5302813","EventKeyRef":"Event1","RelationType":"Vader van de bruid"},{"PersonKeyRef":"Person6504673","EventKeyRef":"Event1","RelationType":"Moeder van de bruid"},{"PersonKeyRef":"Person9846433","EventKeyRef":"Event1","RelationType":"Getuige"},{"PersonKeyRef":"Person9846443","EventKeyRef":"Event1","RelationType":"Getuige"},{"PersonKeyRef":"Person9846453","EventKeyRef":"Event1","RelationType":"Getuige"},{"PersonKeyRef":"Person9846463","EventKeyRef":"Event1","RelationType":"Getuige"}],"Source":{"SourcePlace":{"Country":"Belgi\u00eb","Place":"Leuven"},"SourceIndexDate":{"From":"1796-01-01","To":"1919-12-31"},"SourceDate":{"Year":"1867","Month":"1","Day":"26"},"SourceType":"BS Huwelijk","SourceReference":{"Place":"Leuven","InstitutionName":"Rijksarchief Belgi\u00eb (Brussel)","Collection":"Burgerlijke stand Brussel","DocumentNumber":"94"},"SourceAvailableScans":{"Scan":{"OrderSequenceNumber":"1","UriViewer":"https:\/\/www.familysearch.org\/ark:\/61903\/3:1:939K-PG92-65?i=7&cc=1482191&cat=147201"}},"SourceLastChangeDate":"2023-06-23","SourceDigitalOriginal":"https:\/\/search.arch.be\/nl\/zoeken-naar-personen\/zoekresultaat\/weergave\/akte\/id\/HUBRU_00402113_0","RecordIdentifier":"HUBRU_00402113_0","RecordGUID":"{affb8721-4e15-0932-0c4a-05cbeadd6d21}","SourceRemark":[{"@Key":"Opmerking","Value":"L'\u00e9poux d\u00e9clare sous la foi du serment qu'il y a identit\u00e9 de personne entre Jean Baptiste Maginel, \u00e9poux de Anne Marie De Becker et Jean Marginel, veuf de Marie Anne De Becker, renseign\u00e9 en l'acte de d\u00e9c\u00e8s de son aieul paternel, laquelle d\u00e9claration est certif\u00e9e aussi sous serment par les t\u00e9moins."},{"@Key":"Vrijwilliger","Value":"Demogen Vlaams-Brabant en Brussel (project hubru19a)"},{"@Key":"Provenance","Value":"DemogenBrussel19a.mdb > mdb-export > abl\/demogen\/csv2a2a.pl"}]}}