{"Person":[{"@pid":"Person677233","PersonName":{"PersonNameFirstName":"G\u00e9rard Louis","PersonNameLastName":"Koninckx"},"Gender":"Man","Residence":{"Place":"Bruxelles"},"BirthDate":{"Year":"1837","Month":"11","Day":"23"},"BirthPlace":{"Country":"Belgi\u00eb","Place":"Bruxelles"},"Profession":"facteur"},{"@pid":"Person1879093","PersonName":{"PersonNameFirstName":"Caroline","PersonNameLastName":"Vanhemelryck"},"Gender":"Vrouw","Residence":{"Place":"Bruxelles"},"BirthDate":{"Year":"1845","Month":"4","Day":"19"},"BirthPlace":{"Country":"Belgi\u00eb","Place":"Bruxelles"},"Profession":"journali\u00e8re"},{"@pid":"Person2735853","PersonName":{"PersonNameFirstName":"Jean","PersonNameLastName":"Koninckx"},"Gender":"Man","Residence":{"Place":"Bruxelles"},"Profession":"menuisier"},{"@pid":"Person3937713","PersonName":{"PersonNameFirstName":"Catherine","PersonNameLastName":"Leclau"},"Gender":"Vrouw","Residence":{"Place":"Bruxelles"}},{"@pid":"Person5139573","PersonName":{"PersonNameFirstName":"Andr\u00e9","PersonNameLastName":"Vanhemelryck"},"Gender":"Man"},{"@pid":"Person6341433","PersonName":{"PersonNameFirstName":"Jeanne Th\u00e9r\u00e8se","PersonNameLastName":"Vanden Bosch"},"Gender":"Vrouw","Residence":{"Place":"Bruxelles"},"Profession":"journali\u00e8re"},{"@pid":"Person9189553","PersonName":{"PersonNameFirstName":"Josse","PersonNameLastName":"Leclau"},"Gender":"Man","Residence":{"Place":"Bruxelles"},"Age":{"PersonAgeYears":"42"},"Profession":"journalier"},{"@pid":"Person9189563","PersonName":{"PersonNameFirstName":"Pierre","PersonNameLastName":"Collen"},"Gender":"Man","Residence":{"Place":"Bruxelles"},"Age":{"PersonAgeYears":"44"},"Profession":"journalier"},{"@pid":"Person9189573","PersonName":{"PersonNameFirstName":"Martin","PersonNameLastName":"Galmin"},"Gender":"Man","Residence":{"Place":"Bruxelles"},"Age":{"PersonAgeYears":"25"},"Profession":"journalier"},{"@pid":"Person9189583","PersonName":{"PersonNameFirstName":"Pierre","PersonNameLastName":"Fresson"},"Gender":"Man","Residence":{"Place":"Bruxelles"},"Age":{"PersonAgeYears":"38"},"Profession":"cordonnier"}],"Event":{"@eid":"Event1","EventType":"Huwelijk","EventDate":{"Year":"1862","Month":"9","Day":"29"},"EventPlace":{"Country":"Belgi\u00eb","Place":"Brussel"}},"RelationEP":[{"PersonKeyRef":"Person677233","EventKeyRef":"Event1","RelationType":"Bruidegom"},{"PersonKeyRef":"Person1879093","EventKeyRef":"Event1","RelationType":"Bruid"},{"PersonKeyRef":"Person2735853","EventKeyRef":"Event1","RelationType":"Vader van de bruidegom"},{"PersonKeyRef":"Person3937713","EventKeyRef":"Event1","RelationType":"Moeder van de bruidegom"},{"PersonKeyRef":"Person5139573","EventKeyRef":"Event1","RelationType":"Vader van de bruid"},{"PersonKeyRef":"Person6341433","EventKeyRef":"Event1","RelationType":"Moeder van de bruid"},{"PersonKeyRef":"Person9189553","EventKeyRef":"Event1","RelationType":"Getuige"},{"PersonKeyRef":"Person9189563","EventKeyRef":"Event1","RelationType":"Getuige"},{"PersonKeyRef":"Person9189573","EventKeyRef":"Event1","RelationType":"Getuige"},{"PersonKeyRef":"Person9189583","EventKeyRef":"Event1","RelationType":"Getuige"}],"Source":{"SourcePlace":{"Country":"Belgi\u00eb","Place":"Leuven"},"SourceIndexDate":{"From":"1796-01-01","To":"1919-12-31"},"SourceDate":{"Year":"1862","Month":"9","Day":"29"},"SourceType":"BS Huwelijk","SourceReference":{"Place":"Leuven","InstitutionName":"Rijksarchief Belgi\u00eb (Brussel)","Collection":"Burgerlijke stand Brussel","DocumentNumber":"1244"},"SourceAvailableScans":{"Scan":{"OrderSequenceNumber":"1","UriViewer":"https:\/\/www.familysearch.org\/ark:\/61903\/3:1:S3HT-688V-F9?i=6&cc=1482191&cat=147201"}},"SourceLastChangeDate":"2023-06-23","SourceDigitalOriginal":"https:\/\/search.arch.be\/nl\/zoeken-naar-personen\/zoekresultaat\/weergave\/akte\/id\/HUBRU_00368612_0","RecordIdentifier":"HUBRU_00368612_0","RecordGUID":"{a390f614-c458-2257-d3db-834d9dabdb7e}","SourceRemark":[{"@Key":"Vrijwilliger","Value":"Demogen Vlaams-Brabant en Brussel (project hubru19a)"},{"@Key":"Provenance","Value":"DemogenBrussel19a.mdb > mdb-export > abl\/demogen\/csv2a2a.pl"}]}}