{"Person":[{"@pid":"Person712504","PersonName":{"PersonNameFirstName":"Pierre Paul","PersonNameLastName":"Dauw"},"Gender":"Man","Residence":{"Place":"Ixelles"},"BirthDate":{"Year":"1863","Month":"1","Day":"31"},"BirthPlace":{"Country":"Belgi\u00eb","Place":"Leuven, Brabant"},"Profession":"serrurier","PersonRemark":{"@Key":"Opmerking","Value":"pr\u00e9c\u00e9demment domicili\u00e9 \u00e0 Louvain"}},{"@pid":"Person2098644","PersonName":{"PersonNameFirstName":"Maria","PersonNameLastName":"Vanheewaek"},"Gender":"Vrouw","Residence":{"Place":"Ixelles"},"BirthDate":{"Year":"1861","Month":"11","Day":"13"},"BirthPlace":{"Country":"Belgi\u00eb","Place":"Ixelles"},"Profession":"tailleuse"},{"@pid":"Person3296534","PersonName":{"PersonNameFirstName":"Pierre","PersonNameLastName":"Dauw"},"Gender":"Man","Residence":{"Place":"Leuven"},"Profession":"peintre"},{"@pid":"Person4682674","PersonName":{"PersonNameFirstName":"Anne Marie","PersonNameLastName":"Vandermeeren"},"Gender":"Vrouw","Residence":{"Place":"Leuven"}},{"@pid":"Person6068814","PersonName":{"PersonNameFirstName":"Pierre","PersonNameLastName":"Vanheewaek"},"Gender":"Man"},{"@pid":"Person7454954","PersonName":{"PersonNameFirstName":"Colette","PersonNameLastName":"Aerts"},"Gender":"Vrouw"},{"@pid":"Person11338494","PersonName":{"PersonNameFirstName":"Victor","PersonNameLastName":"Bastaens"},"Gender":"Man","Residence":{"Place":"Schaerbeek"},"Age":{"PersonAgeYears":"49"},"Profession":"marchand de volaille"},{"@pid":"Person11338504","PersonName":{"PersonNameFirstName":"Henri","PersonNameLastName":"Sempels"},"Gender":"Man","Residence":{"Place":"Leuven"},"Age":{"PersonAgeYears":"32"},"Profession":"domestique"},{"@pid":"Person11338514","PersonName":{"PersonNameFirstName":"Constant","PersonNameLastName":"Detournay"},"Gender":"Man","Residence":{"Place":"Bruxelles"},"Age":{"PersonAgeYears":"37"},"Profession":"ajusteur"},{"@pid":"Person11338524","PersonName":{"PersonNameFirstName":"Victor","PersonNameLastName":"Vanheewaek"},"Gender":"Man","Residence":{"Place":"Ixelles"},"Age":{"PersonAgeYears":"36"},"Profession":"cordonnier"}],"Event":{"@eid":"Event1","EventType":"Huwelijk","EventDate":{"Year":"1887","Month":"11","Day":"12"},"EventPlace":{"Country":"Belgi\u00eb","Place":"Elsene"}},"RelationEP":[{"PersonKeyRef":"Person712504","EventKeyRef":"Event1","RelationType":"Bruidegom"},{"PersonKeyRef":"Person2098644","EventKeyRef":"Event1","RelationType":"Bruid"},{"PersonKeyRef":"Person3296534","EventKeyRef":"Event1","RelationType":"Vader van de bruidegom"},{"PersonKeyRef":"Person4682674","EventKeyRef":"Event1","RelationType":"Moeder van de bruidegom"},{"PersonKeyRef":"Person6068814","EventKeyRef":"Event1","RelationType":"Vader van de bruid"},{"PersonKeyRef":"Person7454954","EventKeyRef":"Event1","RelationType":"Moeder van de bruid"},{"PersonKeyRef":"Person11338494","EventKeyRef":"Event1","RelationType":"Getuige"},{"PersonKeyRef":"Person11338504","EventKeyRef":"Event1","RelationType":"Getuige"},{"PersonKeyRef":"Person11338514","EventKeyRef":"Event1","RelationType":"Getuige"},{"PersonKeyRef":"Person11338524","EventKeyRef":"Event1","RelationType":"Getuige"}],"Source":{"SourcePlace":{"Country":"Belgi\u00eb","Place":"Leuven"},"SourceIndexDate":{"From":"1796-01-01","To":"1919-12-31"},"SourceDate":{"Year":"1887","Month":"11","Day":"12"},"SourceType":"BS Huwelijk","SourceReference":{"Place":"Leuven","InstitutionName":"Rijksarchief Belgi\u00eb (Brussel)","Collection":"Burgerlijke stand Brussel","DocumentNumber":"327"},"SourceAvailableScans":{"Scan":{"OrderSequenceNumber":"1","UriViewer":"https:\/\/www.familysearch.org\/ark:\/61903\/3:1:9392-CZ9H-NB?i=93&cc=1482191&cat=176155"}},"SourceLastChangeDate":"2023-06-23","SourceDigitalOriginal":"https:\/\/search.arch.be\/nl\/zoeken-naar-personen\/zoekresultaat\/weergave\/akte\/id\/HUBRU_00504123_0","RecordIdentifier":"HUBRU_00504123_0","RecordGUID":"{95e41ca9-47ff-235a-6ab7-562cd3551b14}","SourceRemark":[{"@Key":"Vrijwilliger","Value":"Demogen Vlaams-Brabant en Brussel (project hubru19b)"},{"@Key":"Provenance","Value":"DemogenBrussel19b.mdb > mdb-export > abl\/demogen\/csv2a2a.pl"}]}}