{"Person":[{"@pid":"Person1178044","PersonName":{"PersonNameFirstName":"Charles","PersonNameLastName":"Dinaer"},"Gender":"Man","Residence":{"Place":"Bruxelles"},"BirthDate":{"Year":"1876","Month":"11","Day":"19"},"BirthPlace":{"Country":"Belgi\u00eb","Place":"Bruxelles"},"Profession":"ouvrier-relieur"},{"@pid":"Person2564184","PersonName":{"PersonNameFirstName":"Marie","PersonNameLastName":"Marteau"},"Gender":"Vrouw","Residence":{"Place":"Molenbeek-Saint-Jean"},"BirthDate":{"Year":"1876","Month":"11","Day":"22"},"BirthPlace":{"Country":"Belgi\u00eb","Place":"Bruxelles"},"Profession":"coupeuse de poils"},{"@pid":"Person3804704","PersonName":{"PersonNameFirstName":"Fran\u00e7ois","PersonNameLastName":"Dinaer"},"Gender":"Man","Residence":{"Place":"Bruxelles"},"Profession":"journalier"},{"@pid":"Person5190844","PersonName":{"PersonNameFirstName":"Marie Cath\u00e9rine","PersonNameLastName":"Dequinnemaere"},"Gender":"Vrouw","Residence":{"Place":"Bruxelles"},"Profession":"sans profession"},{"@pid":"Person6576984","PersonName":{"PersonNameFirstName":"Fran\u00e7ois","PersonNameLastName":"Marteau"},"Gender":"Man","Residence":{"Place":"Molenbeek-Saint-Jean"},"Profession":"coupeur de poils"},{"@pid":"Person7963124","PersonName":{"PersonNameFirstName":"Marie","PersonNameLastName":"Forniville"},"Gender":"Vrouw","PersonRemark":{"@Key":"deat_plac","Value":"Bruxelles"}},{"@pid":"Person9157904","PersonName":{"PersonNameFirstName":"Jeannette","PersonNameLastName":"Marteau>Dinaer"},"Gender":"Vrouw","BirthDate":{"Year":"1896","Month":"5","Day":"4"},"BirthPlace":{"Country":"Belgi\u00eb","Place":"Bruxelles"}},{"@pid":"Person13356544","PersonName":{"PersonNameFirstName":"Philippe","PersonNameLastName":"Depauw"},"Gender":"Man","Residence":{"Place":"Molenbeek-Saint-Jean"},"Age":{"PersonAgeYears":"30"},"Profession":"jardinier"},{"@pid":"Person13356554","PersonName":{"PersonNameFirstName":"Eug\u00e8ne","PersonNameLastName":"Lecocq"},"Gender":"Man","Residence":{"Place":"Molenbeek-Saint-Jean"},"Age":{"PersonAgeYears":"25"},"Profession":"menuisier"},{"@pid":"Person13356564","PersonName":{"PersonNameFirstName":"Fran\u00e7ois","PersonNameLastName":"Delannoy"},"Gender":"Man","Residence":{"Place":"Bruxelles"},"Age":{"PersonAgeYears":"23"},"Profession":"peintre"},{"@pid":"Person13356574","PersonName":{"PersonNameFirstName":"Gustave","PersonNameLastName":"Heye"},"Gender":"Man","Residence":{"Place":"Anderlecht"},"Age":{"PersonAgeYears":"32"},"Profession":"m\u00e9gissier"}],"Event":{"@eid":"Event1","EventType":"Huwelijk","EventDate":{"Year":"1897","Month":"6","Day":"14"},"EventPlace":{"Country":"Belgi\u00eb","Place":"Sint-Jans-Molenbeek"}},"RelationEP":[{"PersonKeyRef":"Person1178044","EventKeyRef":"Event1","RelationType":"Bruidegom"},{"PersonKeyRef":"Person2564184","EventKeyRef":"Event1","RelationType":"Bruid"},{"PersonKeyRef":"Person3804704","EventKeyRef":"Event1","RelationType":"Vader van de bruidegom"},{"PersonKeyRef":"Person5190844","EventKeyRef":"Event1","RelationType":"Moeder van de bruidegom"},{"PersonKeyRef":"Person6576984","EventKeyRef":"Event1","RelationType":"Vader van de bruid"},{"PersonKeyRef":"Person7963124","EventKeyRef":"Event1","RelationType":"Moeder van de bruid"},{"PersonKeyRef":"Person9157904","EventKeyRef":"Event1","RelationType":"other:Gewettigd kind"},{"PersonKeyRef":"Person13356544","EventKeyRef":"Event1","RelationType":"Getuige"},{"PersonKeyRef":"Person13356554","EventKeyRef":"Event1","RelationType":"Getuige"},{"PersonKeyRef":"Person13356564","EventKeyRef":"Event1","RelationType":"Getuige"},{"PersonKeyRef":"Person13356574","EventKeyRef":"Event1","RelationType":"Getuige"}],"Source":{"SourcePlace":{"Country":"Belgi\u00eb","Place":"Leuven"},"SourceIndexDate":{"From":"1796-01-01","To":"1919-12-31"},"SourceDate":{"Year":"1897","Month":"6","Day":"14"},"SourceType":"BS Huwelijk","SourceReference":{"Place":"Leuven","InstitutionName":"Rijksarchief Belgi\u00eb (Brussel)","Collection":"Burgerlijke stand Brussel","DocumentNumber":"264"},"SourceLastChangeDate":"2023-06-23","SourceDigitalOriginal":"https:\/\/search.arch.be\/nl\/zoeken-naar-personen\/zoekresultaat\/weergave\/akte\/id\/HUBRU_00601736_0","RecordIdentifier":"HUBRU_00601736_0","RecordGUID":"{929fa9d9-b520-e0fc-593e-41aa1eee36ec}","SourceRemark":[{"@Key":"Opmerking","Value":"Par jugement rendu le 27-09-1902 par la Chambre de vacations du Tribunal de 1e Instance de l'arr. De Bruxelles . Ordonn\u00e9 que l'acte de mariage inscrit ci-contre sera rectifi\u00e9 en ce sens que le n\u00b0 264 : l'an 1897 14-06-\u00e0 Molenbeek Saint Jean ont contract\u00e9 mariage \u00e0 Molenbeek Saint Jean Charles Dinaer, n\u00e9 \u00e0 Bruxelles 19-11-1876, fils de Fran\u00e7ois Dinaer et son \u00e9pouse Marie Cath\u00e9rine Dequinnemaer d'une part et Jeanne Marteau n\u00e9e \u00e0 Bruxelles le 02-04-1875 (au lieu de Marie Marteau n\u00e9e \u00e0 Bruxelles le 22-11-1876), fille de Fran\u00e7ois Marteau et de son \u00e9pouse Marie Forniville, d\u00e9c\u00e9d\u00e9e d'autre part."},{"@Key":"Vrijwilliger","Value":"Demogen Vlaams-Brabant en Brussel (project hubru19b)"},{"@Key":"Provenance","Value":"DemogenBrussel19b.mdb > mdb-export > abl\/demogen\/csv2a2a.pl"}]}}