{"Person":[{"@pid":"Person1172044","PersonName":{"PersonNameFirstName":"Joseph Jean","PersonNameLastName":"Van Beethoven"},"Gender":"Man","Residence":{"Place":"Molenbeek-Saint-Jean"},"BirthDate":{"Year":"1868","Month":"7","Day":"11"},"BirthPlace":{"Country":"Belgi\u00eb","Place":"Molenbeek-Saint-Jean"},"Profession":"gar\u00e7on brasseur","MaritalStatus":"other:veuf"},{"@pid":"Person2558184","PersonName":{"PersonNameFirstName":"Virginie","PersonNameLastName":"Janssens"},"Gender":"Vrouw","Residence":{"Place":"Laken"},"BirthDate":{"Year":"1875","Month":"9","Day":"3"},"BirthPlace":{"Country":"Belgi\u00eb","Place":"Laken"},"Profession":"journali\u00e8re","PersonRemark":{"@Key":"Opmerking","Value":"r\u00e9sident \u00e0 Molenbeek Saint Jean;"}},{"@pid":"Person3923944","PersonName":{"PersonNameFirstName":"Egide","PersonNameLastName":"Van Beethoven"},"Gender":"Man","Residence":{"Place":"Molenbeek-Saint-Jean"},"Profession":"savonnier"},{"@pid":"Person5310084","PersonName":{"PersonNameFirstName":"Jeanne Marie","PersonNameLastName":"Lagasse"},"Gender":"Vrouw","PersonRemark":{"@Key":"deat_plac","Value":"Molenbeek-Saint-Jean"}},{"@pid":"Person6696224","PersonName":{"PersonNameFirstName":"Victor Adolphe","PersonNameLastName":"Janssens"},"Gender":"Man","Residence":{"Place":"Laken"},"Profession":"ferblantier"},{"@pid":"Person8082364","PersonName":{"PersonNameFirstName":"Marie Jos\u00e9phine","PersonNameLastName":"Huysmans"},"Gender":"Vrouw","Residence":{"Place":"Laken"},"Profession":"sans profession"},{"@pid":"Person8362634","PersonName":{"PersonNameFirstName":"Leonarde Marie","PersonNameLastName":"Lagasse"},"Gender":"Vrouw","PersonRemark":[{"@Key":"Opmerking","Value":[]},{"@Key":"deat_plac","Value":"Molenbeek-Saint-Jean"}]},{"@pid":"Person13823364","PersonName":{"PersonNameFirstName":"Jean","PersonNameLastName":"Legat"},"Gender":"Man","Residence":{"Place":"Molenbeek-Saint-Jean"},"Age":{"PersonAgeYears":"43"},"Profession":"employ\u00e9"},{"@pid":"Person13823374","PersonName":{"PersonNameFirstName":"Fran\u00e7ois","PersonNameLastName":"Reynaerts"},"Gender":"Man","Residence":{"Place":"Molenbeek-Saint-Jean"},"Age":{"PersonAgeYears":"29"},"Profession":"employ\u00e9"},{"@pid":"Person13823384","PersonName":{"PersonNameFirstName":"Georges","PersonNameLastName":"Fierens"},"Gender":"Man","Residence":{"Place":"Molenbeek-Saint-Jean"},"Age":{"PersonAgeYears":"25"},"Profession":"m\u00e9canicien"},{"@pid":"Person13823394","PersonName":{"PersonNameFirstName":"Victor","PersonNameLastName":"Denaeyer"},"Gender":"Man","Residence":{"Place":"Molenbeek-Saint-Jean"},"Age":{"PersonAgeYears":"23"},"Profession":"cordonnier"}],"Event":{"@eid":"Event1","EventType":"Huwelijk","EventDate":{"Year":"1896","Month":"1","Day":"6"},"EventPlace":{"Country":"Belgi\u00eb","Place":"Sint-Jans-Molenbeek"}},"RelationEP":[{"PersonKeyRef":"Person1172044","EventKeyRef":"Event1","RelationType":"Bruidegom"},{"PersonKeyRef":"Person2558184","EventKeyRef":"Event1","RelationType":"Bruid"},{"PersonKeyRef":"Person3923944","EventKeyRef":"Event1","RelationType":"Vader van de bruidegom"},{"PersonKeyRef":"Person5310084","EventKeyRef":"Event1","RelationType":"Moeder van de bruidegom"},{"PersonKeyRef":"Person6696224","EventKeyRef":"Event1","RelationType":"Vader van de bruid"},{"PersonKeyRef":"Person8082364","EventKeyRef":"Event1","RelationType":"Moeder van de bruid"},{"PersonKeyRef":"Person8362634","EventKeyRef":"Event1","RelationType":"other:Vorige partner bruidegom"},{"PersonKeyRef":"Person13823364","EventKeyRef":"Event1","RelationType":"Getuige"},{"PersonKeyRef":"Person13823374","EventKeyRef":"Event1","RelationType":"Getuige"},{"PersonKeyRef":"Person13823384","EventKeyRef":"Event1","RelationType":"Getuige"},{"PersonKeyRef":"Person13823394","EventKeyRef":"Event1","RelationType":"Getuige"}],"Source":{"SourcePlace":{"Country":"Belgi\u00eb","Place":"Leuven"},"SourceIndexDate":{"From":"1796-01-01","To":"1919-12-31"},"SourceDate":{"Year":"1896","Month":"1","Day":"6"},"SourceType":"BS Huwelijk","SourceReference":{"Place":"Leuven","InstitutionName":"Rijksarchief Belgi\u00eb (Brussel)","Collection":"Burgerlijke stand Brussel","DocumentNumber":"4"},"SourceAvailableScans":{"Scan":{"OrderSequenceNumber":"1","UriViewer":"https:\/\/www.familysearch.org\/ark:\/61903\/3:1:9392-HBSC-N1?i=729&wc=STVW-7M9%3A1488342302%2C1489068601&cc=1482191"}},"SourceLastChangeDate":"2023-06-23","SourceDigitalOriginal":"https:\/\/search.arch.be\/nl\/zoeken-naar-personen\/zoekresultaat\/weergave\/akte\/id\/HUBRU_00626549_0","RecordIdentifier":"HUBRU_00626549_0","RecordGUID":"{8a5f6554-e831-dec7-7e73-a29036f2f2d1}","SourceRemark":[{"@Key":"Vrijwilliger","Value":"Demogen Vlaams-Brabant en Brussel (project hubru19b)"},{"@Key":"Provenance","Value":"DemogenBrussel19b.mdb > mdb-export > abl\/demogen\/csv2a2a.pl"}]}}